{"id":65546,"date":"2019-10-25T13:56:00","date_gmt":"2019-10-25T17:56:00","guid":{"rendered":"https:\/\/linitiative.ca\/International\/tunisie-telecom-etoile-sportive-du-sahel-un-partenariat-win-win\/"},"modified":"2019-10-25T13:56:00","modified_gmt":"2019-10-25T17:56:00","slug":"tunisie-telecom-etoile-sportive-du-sahel-un-partenariat-win-win","status":"publish","type":"post","link":"https:\/\/linitiative.ca\/International\/tunisie-telecom-etoile-sportive-du-sahel-un-partenariat-win-win\/","title":{"rendered":"Tunisie Telecom &#8211; Etoile Sportive du Sahel: Un partenariat Win-Win"},"content":{"rendered":"<p>S\u2019inscrivant dans une logique de continuit\u00e9 de son engagement soci\u00e9tal; Tunisie Telecom, l\u2019acteur majeur du sponsoring sportif, annonce ce vendredi 25 octobre 2019 la signature d\u2019un important contrat de sponsoring avec l\u2019Etoile Sportive du Sahel.<\/p>\n<p>Le contrat a \u00e9t\u00e9 paraph\u00e9 par Messieurs Mohamed Fadhel Kraiem Pr\u00e9sident-Directeur G\u00e9n\u00e9ral de Tunisie Telecom et Ridha Charfeddine le Pr\u00e9sident de l\u2019Etoile Sportive du Sahel, au si\u00e8ge de Tunisie Telecom.<\/p>\n<p>M. Mohamed Fadhel Kraiem a d\u00e9clar\u00e9: \u00abSponsor par excellence des plus grandes \u00e9quipes sportives, Tunisie Telecom est fier aujourd\u2019hui de ce nouveau partenariat avec le club l\u00e9gendaire L\u2019ESS. Ce partenariat est bien pilot\u00e9 dans une logique gagnant-gagnant, pour le bien des deux partenaires\u00bb.<\/p>\n<p class=\"c2\"><img loading=\"lazy\" decoding=\"async\" src=\"\/uploads\/FCK_files\/image001%20(4).jpg\" alt=\"\" width=\"700\" vspace=\"5\" hspace=\"5\" height=\"467\" align=\"middle\"\/><\/p>\n<p>En effet, ce partenariat, d&rsquo;une dur\u00e9e de 3 ans, permettra \u00e0 Tunisie Telecom d\u2019associer son image \u00e0 l\u2019image fort valorisante de l\u2019Etoile Sportive du Sahel et de toute la panoplie de sa marque sur tout le territoire tunisien.<\/p>\n<p>M. Ridha Charfeddine, a annonc\u00e9 de son c\u00f4t\u00e9: \u00ab Nous sommes honor\u00e9s de cette collaboration p\u00e9renne avec notre op\u00e9rateur national. Nous \u0153uvrons avec d\u00e9termination \u00e0 instaurer une relation bilat\u00e9rale solide et durable avec notre partenaire privil\u00e9gi\u00e9 Tunisie Telecom.\u00bb.<\/p>\n<p>Messieurs Mohamed Fadhel Kraiem et Ridha Charfeddine ont remerci\u00e9 les \u00e9quipes qui ont travaill\u00e9 avec abn\u00e9gation pour renforcer davantage les relations liant Tunisie Telecom \u00e0 l\u2019Etoile Sportive du Sahel; les invitant \u00e0 identifier d&rsquo;autres pistes de collaboration plus approfondies au profit des deux partenaires.<\/p>\n<p>Auteur:<br \/>\n<a href=\"https:\/\/www.leaders.com.tn\/article\/28276-tunisie-telecom-et-l-etoile-sportive-du-sahel-un-partenariat-win-win\">Cliquez ici pour lire l&rsquo;article depuis sa source.<\/a><\/p>\n","protected":false},"excerpt":{"rendered":"<p>S\u2019inscrivant dans une logique de continuit\u00e9 de son engagement soci\u00e9tal; Tunisie Telecom, l\u2019acteur majeur du sponsoring sportif, annonce ce vendredi 25 octobre 2019 la signature d\u2019un important contrat de sponsoring avec l\u2019Etoile Sportive du Sahel. Le contrat a \u00e9t\u00e9 paraph\u00e9 par Messieurs Mohamed Fadhel Kraiem Pr\u00e9sident-Directeur G\u00e9n\u00e9ral de Tunisie Telecom et Ridha Charfeddine le Pr\u00e9sident [&hellip;]<\/p>\n","protected":false},"author":1772,"featured_media":65547,"comment_status":"closed","ping_status":"closed","sticky":false,"template":"","format":"standard","meta":{"fifu_image_url":"","fifu_image_alt":"","footnotes":""},"categories":[73,55],"tags":[],"class_list":["post-65546","post","type-post","status-publish","format-standard","has-post-thumbnail","hentry","category-actualite","category-tunisie"],"_links":{"self":[{"href":"https:\/\/linitiative.ca\/International\/wp-json\/wp\/v2\/posts\/65546","targetHints":{"allow":["GET"]}}],"collection":[{"href":"https:\/\/linitiative.ca\/International\/wp-json\/wp\/v2\/posts"}],"about":[{"href":"https:\/\/linitiative.ca\/International\/wp-json\/wp\/v2\/types\/post"}],"author":[{"embeddable":true,"href":"https:\/\/linitiative.ca\/International\/wp-json\/wp\/v2\/users\/1772"}],"replies":[{"embeddable":true,"href":"https:\/\/linitiative.ca\/International\/wp-json\/wp\/v2\/comments?post=65546"}],"version-history":[{"count":0,"href":"https:\/\/linitiative.ca\/International\/wp-json\/wp\/v2\/posts\/65546\/revisions"}],"wp:featuredmedia":[{"embeddable":true,"href":"https:\/\/linitiative.ca\/International\/wp-json\/"}],"wp:attachment":[{"href":"https:\/\/linitiative.ca\/International\/wp-json\/wp\/v2\/media?parent=65546"}],"wp:term":[{"taxonomy":"category","embeddable":true,"href":"https:\/\/linitiative.ca\/International\/wp-json\/wp\/v2\/categories?post=65546"},{"taxonomy":"post_tag","embeddable":true,"href":"https:\/\/linitiative.ca\/International\/wp-json\/wp\/v2\/tags?post=65546"}],"curies":[{"name":"wp","href":"https:\/\/api.w.org\/{rel}","templated":true}]}}