{"id":65551,"date":"2019-10-25T09:40:00","date_gmt":"2019-10-25T13:40:00","guid":{"rendered":"https:\/\/linitiative.ca\/International\/moulay-hafid-elalamy-a-terme-lis-sera-a-20\/"},"modified":"2019-10-25T09:40:00","modified_gmt":"2019-10-25T13:40:00","slug":"moulay-hafid-elalamy-a-terme-lis-sera-a-20","status":"publish","type":"post","link":"https:\/\/linitiative.ca\/International\/moulay-hafid-elalamy-a-terme-lis-sera-a-20\/","title":{"rendered":"Moulay Hafid Elalamy :         \u00ab\u00a0A terme, l\u2019IS sera \u00e0 20%\u00a0\u00bb"},"content":{"rendered":"<p><strong>Le Projet de Loi de Finances pour l\u2019ann\u00e9e 2020 (PLF-2020) pr\u00e9voit des mesures importantes en faveur de l\u2019industrie marocaine, a affirm\u00e9, vendredi \u00e0 Casablanca, le ministre de l\u2019Industrie, du commerce, de l\u2019\u00e9conomie verte et num\u00e9rique, Moulay Hafid Elalamy.<\/strong><\/p>\n<div class=\"c10\"\/>\n<p>Dans une d\u00e9claration \u00e0 la presse, Elalamy a pr\u00e9sent\u00e9 les mesures phares pr\u00e9vues par le PLF-2020 au profit des secteurs relevant de son d\u00e9partement, citant, de prime abord, le taux de l\u2019imp\u00f4t sur les soci\u00e9t\u00e9s (IS) qui sera ramen\u00e9 de 31% \u00e0 28%, avec \u00ab\u00a0un engagement d\u2019atteindre, dans les 5 prochaines ann\u00e9es, un taux de 20% pour l\u2019ensemble des entreprises implant\u00e9es \u00e0 travers le Royaume\u00a0\u00bb.<\/p>\n<p>\u00ab\u00a0Ce taux, qui \u00e9tait un r\u00eave pour les op\u00e9rateurs, est en train de se concr\u00e9tiser. La baisse est d\u00e9clench\u00e9e pour atteindre un taux de 20% pour l\u2019ensemble des entreprises et industries du Maroc\u00a0\u00bb, a t-il soulign\u00e9.<\/p>\n<p>En ce qui concerne la r\u00e9forme fiscale relative aux zones d\u2019acc\u00e9l\u00e9ration industrielle (appel\u00e9es aujourd\u2019hui zones franches industrielles), le ministre a indiqu\u00e9 qu\u2019un taux d\u2019IS de 8,75% continuera \u00e0 s\u2019appliquer aux entreprises install\u00e9es, \u00e0 date, dans ces zones, ajoutant que \u00ab\u00a0les engagements du Maroc \u00e0 cet \u00e9gard ne seront pas modifi\u00e9s\u00a0\u00bb.<\/p>\n<p>Le PLF pr\u00e9voit l\u2019exon\u00e9ration totale de l\u2019Imp\u00f4t sur les Soci\u00e9t\u00e9s pour les nouvelles entit\u00e9s qui vont s\u2019installer dans les zones d\u2019acc\u00e9l\u00e9ration industrielle, pour les cinq premiers exercices d\u2019exploitation, a-t-il dit, notant qu\u2019un taux de 15% leur sera appliqu\u00e9 au-del\u00e0 de cette p\u00e9riode. \u00ab\u00a0C\u2019est un \u00e9l\u00e9ment important pour lequel je pense que les op\u00e9rateurs, \u00e0 la fois nationaux et internationaux, peuvent l\u00e9gitimement se r\u00e9jouir aujourd\u2019hui\u00a0\u00bb, a t-il soutenu, relevant que ces mesures visent \u00e0 promouvoir l\u2019investissement productif, \u00e0 encourager l\u2019exportation, et \u00e0 dynamiser la cr\u00e9ation d\u2019emplois.<\/p>\n<p>\u00ab\u00a0Nous avons l\u2019ambition d\u2019acc\u00e9l\u00e9rer, sur Instructions de Sa Majest\u00e9 le Roi Mohammed VI, le d\u00e9veloppement des secteurs productifs cr\u00e9ateurs d\u2019emploi pour la jeunesse. Ces mesures, avec un accompagnement et des droits de douanes qui prot\u00e8gent l\u2019industrie marocaine, vont dynamiser la cr\u00e9ation d\u2019emplois, en particulier celui des jeunes\u00a0\u00bb, a-t-il assur\u00e9. Il a \u00e9galement affirm\u00e9 que le PLF 2020 pr\u00e9voit aussi la cr\u00e9ation d\u2019un fonds d\u2019accompagnement dot\u00e9 de 6 milliards de dirhams (MMDH), destin\u00e9 notamment aux op\u00e9rations d\u2019appui aux petites entreprises. Ces 6 MMDH seront d\u00e9ploy\u00e9s au cours de trois ann\u00e9es \u00e0 raison de 2 MMDH par an, a-t-il expliqu\u00e9. Le ministre a, en outre, soulign\u00e9 que le PLF 2020 a tenu compte des principales recommandations issues des derni\u00e8res Assises de fiscalit\u00e9, rappelant que les Assises de Commerce ont donn\u00e9 lieu \u00e9galement \u00e0 un nombre important de recommandations.<\/p>\n<div class=\"c17\">\n<fieldset class=\"c16\">\n<legend><strong><span class=\"c11\">Challenge<\/span><span class=\"c12\">news<\/span><\/strong><\/legend>\n<div class=\"c15\">Le meilleur de la r\u00e9daction s\u00e9lectionn\u00e9 par Challenge :<\/p>\n<\/div>\n<\/fieldset>\n<\/div>\n<p>Auteur: challenge<br \/>\n<a href=\"https:\/\/www.challenge.ma\/moulay-hafid-elalamy-ministre-de-lindustrie-du-commerce-de-leconomie-verte-et-numerique-121383\/\">Cliquez ici pour lire l&rsquo;article depuis sa source.<\/a><\/p>\n","protected":false},"excerpt":{"rendered":"<p>Le Projet de Loi de Finances pour l\u2019ann\u00e9e 2020 (PLF-2020) pr\u00e9voit des mesures importantes en faveur de l\u2019industrie marocaine, a affirm\u00e9, vendredi \u00e0 Casablanca, le ministre de l\u2019Industrie, du commerce, de l\u2019\u00e9conomie verte et num\u00e9rique, Moulay Hafid Elalamy. Dans une d\u00e9claration \u00e0 la presse, Elalamy a pr\u00e9sent\u00e9 les mesures phares pr\u00e9vues par le PLF-2020 au [&hellip;]<\/p>\n","protected":false},"author":1787,"featured_media":0,"comment_status":"closed","ping_status":"closed","sticky":false,"template":"","format":"standard","meta":{"fifu_image_url":"","fifu_image_alt":"","footnotes":""},"categories":[78,54],"tags":[],"class_list":["post-65551","post","type-post","status-publish","format-standard","hentry","category-economie","category-maroc"],"_links":{"self":[{"href":"https:\/\/linitiative.ca\/International\/wp-json\/wp\/v2\/posts\/65551","targetHints":{"allow":["GET"]}}],"collection":[{"href":"https:\/\/linitiative.ca\/International\/wp-json\/wp\/v2\/posts"}],"about":[{"href":"https:\/\/linitiative.ca\/International\/wp-json\/wp\/v2\/types\/post"}],"author":[{"embeddable":true,"href":"https:\/\/linitiative.ca\/International\/wp-json\/wp\/v2\/users\/1787"}],"replies":[{"embeddable":true,"href":"https:\/\/linitiative.ca\/International\/wp-json\/wp\/v2\/comments?post=65551"}],"version-history":[{"count":0,"href":"https:\/\/linitiative.ca\/International\/wp-json\/wp\/v2\/posts\/65551\/revisions"}],"wp:attachment":[{"href":"https:\/\/linitiative.ca\/International\/wp-json\/wp\/v2\/media?parent=65551"}],"wp:term":[{"taxonomy":"category","embeddable":true,"href":"https:\/\/linitiative.ca\/International\/wp-json\/wp\/v2\/categories?post=65551"},{"taxonomy":"post_tag","embeddable":true,"href":"https:\/\/linitiative.ca\/International\/wp-json\/wp\/v2\/tags?post=65551"}],"curies":[{"name":"wp","href":"https:\/\/api.w.org\/{rel}","templated":true}]}}