{"id":65552,"date":"2019-10-25T10:38:47","date_gmt":"2019-10-25T14:38:47","guid":{"rendered":"https:\/\/linitiative.ca\/International\/video-ouezzane-un-autre-membre-de-la-cellule-terroriste-arrete\/"},"modified":"2019-10-25T10:38:47","modified_gmt":"2019-10-25T14:38:47","slug":"video-ouezzane-un-autre-membre-de-la-cellule-terroriste-arrete","status":"publish","type":"post","link":"https:\/\/linitiative.ca\/International\/video-ouezzane-un-autre-membre-de-la-cellule-terroriste-arrete\/","title":{"rendered":"Vid\u00e9o. Ouezzane : un autre membre de la cellule terroriste arr\u00eat\u00e9"},"content":{"rendered":"<p><strong>Apr\u00e8s le coup de filet anti-terroriste effectu\u00e9 par le Bureau central central d\u2019investigation judiciaire (BCIJ) ce matin \u00e0 Dar Bouazza dans la p\u00e9riph\u00e9rie de Casablanca, un autre \u00e9l\u00e9ment appartenant \u00e0 la m\u00eame cellule a \u00e9t\u00e9 arr\u00eat\u00e9 \u00e0 Ouezzane.<\/strong><\/p>\n<div class=\"c10\"\/>\n<\/p>\n<div class=\"wp-block-embed__wrapper\"><iframe loading=\"lazy\" title=\"\u0639\u0627\u062c\u0644... \u0645\u0628\u0627\u0634\u0631\u0629 \u0645\u0646 \u0648\u0632\u0627\u0646 \u0644\u062d\u0638\u0629 \u0627\u0644\u0642\u0628\u0636 \u0639\u0644\u0649 \u0639\u0646\u0627\u0635\u0631 \u062a\u0646\u062a\u0645\u064a \u0644\u062f\u0627\u0639\u0634\" width=\"1140\" height=\"641\" src=\"https:\/\/www.youtube.com\/embed\/Z7MrxqFwM48?feature=oembed\" frameborder=\"0\" allow=\"accelerometer; autoplay; encrypted-media; gyroscope; picture-in-picture\" allowfullscreen=\"\">[embedded content]<\/iframe><\/div>\n<p>La vid\u00e9o montre le moment o\u00f9 les \u00e9l\u00e9ments du BCIJ arr\u00eataient le septi\u00e8me membre de la cellule terroriste d\u00e9mantel\u00e9e, en pr\u00e9sence d\u2019un grand public venu assister \u00e0 l\u2019op\u00e9ration devant le domicile des pr\u00e9venus.<\/p>\n<p>Ce coup de filet anti-terroriste a permis l\u2019arrestation de sept individus au total, a confi\u00e9 \u00e0 MFM Radio le directeur du BCIJ Abdelhaq El Khiam, pr\u00e9cisant que lors de l\u2019op\u00e9ration effectu\u00e9e ce matin \u00e0 Casablanca, six ont \u00e9t\u00e9 neutralis\u00e9s dont le chef de file de la cellule et l\u2019un de ses complices, pr\u00e9cisant que \u00absuite aux perquisitions effectu\u00e9es dans un logement \u00e0 Tamaris un lot d\u2019armes \u00e0 feu, de munitions, d\u2019armes blanches et des sacs contenant des produits chimiques pouvant servir \u00e0 la fabrication d\u2019explosifs ont \u00e9t\u00e9 saisis\u00bb.<\/p>\n<p>Lire aussi : <a href=\"https:\/\/www.challenge.ma\/casablanca-une-cellule-terroriste-demantelee-121355\/\">Vid\u00e9o. Casablanca : une cellule terroriste d\u00e9mantel\u00e9e<\/a><\/p>\n<p>D\u2019apr\u00e8s la m\u00eame source, la BCIJ a proc\u00e9d\u00e9 \u00e9galement \u00e0 la saisie de mat\u00e9riel de plong\u00e9e, de deux arbal\u00e8tes de p\u00eache sous-marine et de divers outils de communication. \u00abLes premi\u00e8res donn\u00e9es indiquent que les membres de cette cellule comptaient commettre une s\u00e9rie d\u2019actes terroristes en coordination avec des \u00e9l\u00e9ments \u00e9trangers ciblant des infrastructures et des sites sensibles\u00bb, conclut la m\u00eame source.<\/p>\n<div class=\"c17\">\n<fieldset class=\"c16\">\n<legend><strong><span class=\"c11\">Challenge<\/span><span class=\"c12\">news<\/span><\/strong><\/legend>\n<div class=\"c15\">Le meilleur de la r\u00e9daction s\u00e9lectionn\u00e9 par Challenge :<\/p>\n<\/div>\n<\/fieldset>\n<\/div>\n<p>Auteur: Hassan Manyani<br \/>\n<a href=\"https:\/\/www.challenge.ma\/video-ouezzane-dautres-membres-de-la-cellule-terroriste-arretes-121363\/\">Cliquez ici pour lire l&rsquo;article depuis sa source.<\/a><\/p>\n","protected":false},"excerpt":{"rendered":"<p>Apr\u00e8s le coup de filet anti-terroriste effectu\u00e9 par le Bureau central central d\u2019investigation judiciaire (BCIJ) ce matin \u00e0 Dar Bouazza dans la p\u00e9riph\u00e9rie de Casablanca, un autre \u00e9l\u00e9ment appartenant \u00e0 la m\u00eame cellule a \u00e9t\u00e9 arr\u00eat\u00e9 \u00e0 Ouezzane. [embedded content] La vid\u00e9o montre le moment o\u00f9 les \u00e9l\u00e9ments du BCIJ arr\u00eataient le septi\u00e8me membre de [&hellip;]<\/p>\n","protected":false},"author":1787,"featured_media":0,"comment_status":"closed","ping_status":"closed","sticky":false,"template":"","format":"standard","meta":{"fifu_image_url":"","fifu_image_alt":"","footnotes":""},"categories":[78,54],"tags":[],"class_list":["post-65552","post","type-post","status-publish","format-standard","hentry","category-economie","category-maroc"],"_links":{"self":[{"href":"https:\/\/linitiative.ca\/International\/wp-json\/wp\/v2\/posts\/65552","targetHints":{"allow":["GET"]}}],"collection":[{"href":"https:\/\/linitiative.ca\/International\/wp-json\/wp\/v2\/posts"}],"about":[{"href":"https:\/\/linitiative.ca\/International\/wp-json\/wp\/v2\/types\/post"}],"author":[{"embeddable":true,"href":"https:\/\/linitiative.ca\/International\/wp-json\/wp\/v2\/users\/1787"}],"replies":[{"embeddable":true,"href":"https:\/\/linitiative.ca\/International\/wp-json\/wp\/v2\/comments?post=65552"}],"version-history":[{"count":0,"href":"https:\/\/linitiative.ca\/International\/wp-json\/wp\/v2\/posts\/65552\/revisions"}],"wp:attachment":[{"href":"https:\/\/linitiative.ca\/International\/wp-json\/wp\/v2\/media?parent=65552"}],"wp:term":[{"taxonomy":"category","embeddable":true,"href":"https:\/\/linitiative.ca\/International\/wp-json\/wp\/v2\/categories?post=65552"},{"taxonomy":"post_tag","embeddable":true,"href":"https:\/\/linitiative.ca\/International\/wp-json\/wp\/v2\/tags?post=65552"}],"curies":[{"name":"wp","href":"https:\/\/api.w.org\/{rel}","templated":true}]}}