{"id":65553,"date":"2019-10-25T12:56:23","date_gmt":"2019-10-25T16:56:23","guid":{"rendered":"https:\/\/linitiative.ca\/International\/le-port-de-dakhla-jouera-un-role-cle-dans-le-developpement-de-la-region\/"},"modified":"2019-10-25T12:56:23","modified_gmt":"2019-10-25T16:56:23","slug":"le-port-de-dakhla-jouera-un-role-cle-dans-le-developpement-de-la-region","status":"publish","type":"post","link":"https:\/\/linitiative.ca\/International\/le-port-de-dakhla-jouera-un-role-cle-dans-le-developpement-de-la-region\/","title":{"rendered":"Le port de Dakhla jouera un r\u00f4le cl\u00e9 dans le d\u00e9veloppement de la r\u00e9gion"},"content":{"rendered":"<p><strong>Le nouveau port atlantique de la ville de Dakhla et les zones logistiques et industrielles qui l\u2019entourent joueront un \u00ab\u00a0r\u00f4le tr\u00e8s important\u00a0\u00bb dans la dynamisation de la r\u00e9gion, a d\u00e9clar\u00e9 jeudi la directrice adjointe \u00e0 la Direction des ports et du domaine public maritime au minist\u00e8re de l\u2019\u00c9quipement, des Transports, de la Logistique et de l\u2019Eau, Sanae El Amrani.<\/strong><\/p>\n<div class=\"c10\"\/>\n<p>Ce nouveau port permettra la cr\u00e9ation de nouveaux march\u00e9s en direction de l\u2019Afrique et de l\u2019Europe, a d\u00e9clar\u00e9 El Amrani en marge de sa participation \u00e0 un atelier sur \u00ab\u00a0Les futures routes logistiques: West Africa Free Zone et port Dakhla Atlantique\u00a0\u00bb. Les zones logistiques et industrielles avoisinantes vont cr\u00e9er un grand dynamisme dans la r\u00e9gion et au niveau national, a-t-elle assur\u00e9, soulignant que, dans ce contexte, le port va \u00e9galement cr\u00e9er \u00ab\u00a0une infrastructure importante favorisant un climat stable pour plusieurs logisticiens \u00e0 l\u2019\u00e9chelle mondiale\u00a0\u00bb. Concernant le d\u00e9but des travaux, Amrani a indiqu\u00e9 que les \u00e9tudes sur la r\u00e9alisation du port de Dakhla Atlantique sont en \u00ab\u00a0phase d\u2019ach\u00e8vement\u00a0\u00bb. \u00ab\u00a0Nous sommes en train de lancer des offres pour les travaux li\u00e9s au nouveau port\u00a0\u00bb, a-t-elle ajout\u00e9.<\/p>\n<p>De son c\u00f4t\u00e9, le DG de la soci\u00e9t\u00e9 g\u00e9n\u00e9rale Fran\u00e7ois Marchal, a affirm\u00e9 que le port de Dakhla est \u00ab\u00a0une premi\u00e8re brique\u00a0\u00bb qui permettra au Royaume, une fois d\u00e9velopp\u00e9e, d\u2019attirer d\u2019autres types d\u2019activit\u00e9s, notamment en termes de distribution. Il a indiqu\u00e9 que les autres activit\u00e9s cr\u00e9\u00e9es permettront d\u2019assurer la comp\u00e9titivit\u00e9 du port par rapport aux flux logistiques mondiaux.<\/p>\n<div class=\"wp-block-embed__wrapper\">\n<blockquote class=\"twitter-tweet\" data-width=\"550\" data-dnt=\"true\">\n<p lang=\"fr\" dir=\"ltr\">\ud83d\ude80 D\u00e9collage \u00e9conomique pour Dakha au Sud du Maroc \ud83c\uddf2\ud83c\udde6<\/p>\n<p>Nouveau Port Dakhla Atlantiqie, nouveaux h\u00f4tels, logistique multimodale, aquaculture\u2026 Une r\u00e9gion riche en opportunit\u00e9s !<\/p>\n<p>\ud83c\uddf2\ud83c\udde6 \ud83c\uddeb\ud83c\uddf7 Forum d&rsquo;Affaires Maroc-France du 23 au 25 octobre \u00e0 Dakhla !<a href=\"https:\/\/twitter.com\/hashtag\/Dakhla?src=hash&#038;ref_src=twsrc%5Etfw\">#Dakhla<\/a> <a href=\"https:\/\/twitter.com\/hashtag\/Maroc?src=hash&#038;ref_src=twsrc%5Etfw\">#Maroc<\/a> <a href=\"https:\/\/twitter.com\/hashtag\/Business?src=hash&#038;ref_src=twsrc%5Etfw\">#Business<\/a> <a href=\"https:\/\/twitter.com\/hashtag\/Morocco?src=hash&#038;ref_src=twsrc%5Etfw\">#Morocco<\/a> <a href=\"https:\/\/t.co\/Pui5MottHp\">pic.twitter.com\/Pui5MottHp<\/a><\/p>\n<p>\u2014 Karim Basrire (@KarimBasrire) <a href=\"https:\/\/twitter.com\/KarimBasrire\/status\/1187674435920289792?ref_src=twsrc%5Etfw\">October 25, 2019<\/a><\/p><\/blockquote>\n<\/div>\n<p>\u00ab\u00a0Nous sommes tr\u00e8s positifs concernant le potentiel de ce projet\u00a0\u00bb qui permet \u00e0 tout l\u2019\u00e9cosyst\u00e8me logistique autour de se d\u00e9velopper suite \u00e0 l\u2019avantage g\u00e9ographique et comp\u00e9titif de la r\u00e9gion de Dakhla Oued Eddahab, s\u2019est-il r\u00e9joui, relevant que cette r\u00e9gion est la porte du Maroc sur l\u2019Afrique subsaharienne, et \u00ab\u00a0le but des acteurs est d\u2019y mettre l\u2019investissement n\u00e9cessaire en termes d\u2019infrastructures pour en faire un hub important\u00a0\u00bb.<\/p>\n<p>Le port devra permettre \u00e9galement d\u2019exporter directement les produits r\u00e9gionaux vers les pays de destination finale (produits de la p\u00eache et de l\u2019agriculture) apr\u00e8s valorisation, de faciliter l\u2019importation \u00e0 co\u00fbt r\u00e9duit des intrants n\u00e9cessaires \u00e0 l\u2019industrie, \u00e0 la population, \u00e0 l\u2019agriculture, au tourisme et aux \u00e9quipements \u00e9nerg\u00e9tiques pr\u00e9vus et de pr\u00e9server la baie.<\/p>\n<p>Le port devra permettre \u00e9galement d\u2019exporter directement les produits r\u00e9gionaux vers les pays de destination finale (produits de la p\u00eache et de l\u2019agriculture) apr\u00e8s valorisation, de faciliter l\u2019importation \u00e0 co\u00fbt r\u00e9duit des intrants n\u00e9cessaires \u00e0 l\u2019industrie, \u00e0 la population, \u00e0 l\u2019agriculture, au tourisme et aux \u00e9quipements \u00e9nerg\u00e9tiques pr\u00e9vus et de pr\u00e9server la baie.<\/p>\n<p>A l\u2019horizon 2030, la nouvelle dynamique insuffl\u00e9e par le futur port devrait engendrer 183.000 emplois additionnels. Le port comprendra, entre autres, une digue principale de 2.800 m\u00e8tres, une digue secondaire de 600 m, un quai de commerce de 800 m sur 12m, un quai de p\u00eache hauturi\u00e8re de 1.500 m sur 7, un bassin de 39 hectares et un \u00e9l\u00e9vateur de bateaux d\u2019une capacit\u00e9 de 450 T. Dot\u00e9e d\u2019une fa\u00e7ade littorale de 667 km, la r\u00e9gion de Dakhla-Oued Eddahab est l\u2019une des zones les plus poissonneuses du Royaume et dont les eaux rec\u00e8lent des ressources halieutiques abondantes et diversifi\u00e9es.<\/p>\n<p>Organis\u00e9e par la Chambre Fran\u00e7aise de Commerce et d\u2019Industrie du Maroc (CFCIM) et la R\u00e9gion de Dakhla-Oued Eddahab, la 4\u00e8me \u00e9dition du Forum d\u2019Affaires Maroc-France, s\u2019est tenu \u00e0 Dakhla du 23 au 25 octobre et a eu pour objectif de promouvoir la r\u00e9gion de Dakhla, ses ressources diverses et les perspectives qu\u2019elle offre aux investisseurs. Plus de 300 participants ont r\u00e9pondu pr\u00e9sents, dont plus de 150 op\u00e9rateurs fran\u00e7ais de diff\u00e9rents secteurs, afin d\u2019\u00e9tudier les diff\u00e9rentes opportunit\u00e9s d\u2019investissement dans divers secteurs porteurs de croissance, \u00e0 savoir : la p\u00eache, la transformation halieutique, le tourisme, la logistique multimodale\u2026<\/p>\n<div class=\"c17\">\n<fieldset class=\"c16\">\n<legend><strong><span class=\"c11\">Challenge<\/span><span class=\"c12\">news<\/span><\/strong><\/legend>\n<div class=\"c15\">Le meilleur de la r\u00e9daction s\u00e9lectionn\u00e9 par Challenge :<\/p>\n<\/div>\n<\/fieldset>\n<\/div>\n<p>Auteur: challenge<br \/>\n<a href=\"https:\/\/www.challenge.ma\/dakhla-le-port-jouera-un-role-cle-dans-le-developpement-de-la-region-121394\/\">Cliquez ici pour lire l&rsquo;article depuis sa source.<\/a><\/p>\n","protected":false},"excerpt":{"rendered":"<p>Le nouveau port atlantique de la ville de Dakhla et les zones logistiques et industrielles qui l\u2019entourent joueront un \u00ab\u00a0r\u00f4le tr\u00e8s important\u00a0\u00bb dans la dynamisation de la r\u00e9gion, a d\u00e9clar\u00e9 jeudi la directrice adjointe \u00e0 la Direction des ports et du domaine public maritime au minist\u00e8re de l\u2019\u00c9quipement, des Transports, de la Logistique et de [&hellip;]<\/p>\n","protected":false},"author":1787,"featured_media":0,"comment_status":"closed","ping_status":"closed","sticky":false,"template":"","format":"standard","meta":{"fifu_image_url":"","fifu_image_alt":"","footnotes":""},"categories":[78,54],"tags":[],"class_list":["post-65553","post","type-post","status-publish","format-standard","hentry","category-economie","category-maroc"],"_links":{"self":[{"href":"https:\/\/linitiative.ca\/International\/wp-json\/wp\/v2\/posts\/65553","targetHints":{"allow":["GET"]}}],"collection":[{"href":"https:\/\/linitiative.ca\/International\/wp-json\/wp\/v2\/posts"}],"about":[{"href":"https:\/\/linitiative.ca\/International\/wp-json\/wp\/v2\/types\/post"}],"author":[{"embeddable":true,"href":"https:\/\/linitiative.ca\/International\/wp-json\/wp\/v2\/users\/1787"}],"replies":[{"embeddable":true,"href":"https:\/\/linitiative.ca\/International\/wp-json\/wp\/v2\/comments?post=65553"}],"version-history":[{"count":0,"href":"https:\/\/linitiative.ca\/International\/wp-json\/wp\/v2\/posts\/65553\/revisions"}],"wp:attachment":[{"href":"https:\/\/linitiative.ca\/International\/wp-json\/wp\/v2\/media?parent=65553"}],"wp:term":[{"taxonomy":"category","embeddable":true,"href":"https:\/\/linitiative.ca\/International\/wp-json\/wp\/v2\/categories?post=65553"},{"taxonomy":"post_tag","embeddable":true,"href":"https:\/\/linitiative.ca\/International\/wp-json\/wp\/v2\/tags?post=65553"}],"curies":[{"name":"wp","href":"https:\/\/api.w.org\/{rel}","templated":true}]}}