{"id":65563,"date":"2019-10-25T16:54:44","date_gmt":"2019-10-25T20:54:44","guid":{"rendered":"https:\/\/linitiative.ca\/International\/tunisie-video-kais-saied-sentretient-avec-bertrand-delanoe\/"},"modified":"2019-10-25T16:54:44","modified_gmt":"2019-10-25T20:54:44","slug":"tunisie-video-kais-saied-sentretient-avec-bertrand-delanoe","status":"publish","type":"post","link":"https:\/\/linitiative.ca\/International\/tunisie-video-kais-saied-sentretient-avec-bertrand-delanoe\/","title":{"rendered":"Tunisie \u2013 VIDEO\u00a0: Ka\u00efs Sa\u00efed s\u2019entretient avec Bertrand Delano\u00eb"},"content":{"rendered":"<div class=\"post-cont-in left relative\">\n<div class=\"swp_social_panel swp_horizontal_panel swp_flat_fresh swp_default_full_color swp_individual_full_color swp_other_full_color scale-100 scale-\" data-min-width=\"1100\" data-float-color=\"#ffffff\" data-float=\"none\" data-float-mobile=\"none\" data-transition=\"slide\">\n<div class=\"nc_tweetContainer swp_share_button total_shares total_sharesalt\"><span class=\"swp_count\">15 <span class=\"swp_label\">Partages<\/span><\/span><\/div>\n<\/div>\n<p>Le pr\u00e9sident Ka\u00efs Sa\u00efed a accord\u00e9, cet apr\u00e8s midi, un entretien Bertrand Delano\u00e9, ancien maire de Paris et fran\u00e7ais d\u2019origine tunisienne, n\u00e9 \u00e0 Bizerte.<\/p>\n<p>L\u2019entretien a tourn\u00e9 autour des relations bilat\u00e9rales et les possibilit\u00e9s de les promouvoir.<\/p>\n<div class=\"code-block code-block-1 c3\"><ins class=\"adsbygoogle c2\" data-ad-layout=\"in-article\" data-ad-format=\"fluid\" data-ad-client=\"ca-pub-2102118777505746\" data-ad-slot=\"7301775417\"\/> <\/div>\n<p>Sa\u00efed a assur\u00e9 \u00e0 son h\u00f4te qu\u2019il accordait le plus grand int\u00e9r\u00eat aux relations de partenariat privil\u00e9gi\u00e9 qu\u2019entretiennent nos deux pays, \u00e9mettant le v\u0153ux de les promouvoir encore plus, dans l\u2019int\u00e9r\u00eat commun des deux peuples amis.<br \/><iframe loading=\"lazy\" class=\"c4\" src=\"https:\/\/www.facebook.com\/plugins\/video.php?href=https%3A%2F%2Fwww.facebook.com%2FPresidence.tn%2Fvideos%2F525158258279386%2F&#038;show_text=0&#038;width=560\" width=\"560\" height=\"315\" frameborder=\"0\" scrolling=\"no\" allowfullscreen=\"allowfullscreen\">[embedded content]<\/iframe><\/p>\n<p><strong>Que se passe-t-il en Tunisie?<\/strong><br \/>Nous expliquons sur notre <a href=\"https:\/\/www.youtube.com\/channel\/UCRzypVq0B_yBad5eGrwBx0Q?sub_confirmation=1\" target=\"_blank\" rel=\"noopener noreferrer\">cha\u00eene YouTube<\/a> . <a href=\"https:\/\/www.youtube.com\/channel\/UCRzypVq0B_yBad5eGrwBx0Q?sub_confirmation=1\" target=\"_blank\" rel=\"noopener noreferrer\">Abonnez-vous!<\/a><\/p>\n<div class=\"mvp-org-wrap mvp-org-logo\" itemprop=\"publisher\" itemscope=\"\" itemtype=\"https:\/\/schema.org\/Organization\"><img decoding=\"async\" src=\"https:\/\/www.tunisienumerique.com\/wp-content\/uploads\/2017\/02\/logo_tunisie_numerique.png\"\/><\/div>\n<div class=\"swp_social_panel swp_horizontal_panel swp_flat_fresh swp_default_full_color swp_individual_full_color swp_other_full_color scale-100 scale-\" data-min-width=\"1100\" data-float-color=\"#ffffff\" data-float=\"none\" data-float-mobile=\"none\" data-transition=\"slide\">\n<div class=\"nc_tweetContainer swp_share_button total_shares total_sharesalt\"><span class=\"swp_count\">15 <span class=\"swp_label\">Partages<\/span><\/span><\/div>\n<\/div>\n<div class=\"mvp-related-posts left relative\">\n<h4 class=\"post-header\"><span class=\"post-header\">Lire aussi<\/span><\/h4>\n<\/div>\n<\/div>\n<p>Auteur: LM<br \/>\n<a href=\"https:\/\/www.tunisienumerique.com\/tunisie-video-kais-saied-sentretient-avec-bertrand-delanoe\/\">Cliquez ici pour lire l&rsquo;article depuis sa source.<\/a><\/p>\n","protected":false},"excerpt":{"rendered":"<p>15 Partages Le pr\u00e9sident Ka\u00efs Sa\u00efed a accord\u00e9, cet apr\u00e8s midi, un entretien Bertrand Delano\u00e9, ancien maire de Paris et fran\u00e7ais d\u2019origine tunisienne, n\u00e9 \u00e0 Bizerte. L\u2019entretien a tourn\u00e9 autour des relations bilat\u00e9rales et les possibilit\u00e9s de les promouvoir. Sa\u00efed a assur\u00e9 \u00e0 son h\u00f4te qu\u2019il accordait le plus grand int\u00e9r\u00eat aux relations de partenariat [&hellip;]<\/p>\n","protected":false},"author":1789,"featured_media":65564,"comment_status":"closed","ping_status":"closed","sticky":false,"template":"","format":"standard","meta":{"fifu_image_url":"","fifu_image_alt":"","footnotes":""},"categories":[73,55],"tags":[],"class_list":["post-65563","post","type-post","status-publish","format-standard","has-post-thumbnail","hentry","category-actualite","category-tunisie"],"_links":{"self":[{"href":"https:\/\/linitiative.ca\/International\/wp-json\/wp\/v2\/posts\/65563","targetHints":{"allow":["GET"]}}],"collection":[{"href":"https:\/\/linitiative.ca\/International\/wp-json\/wp\/v2\/posts"}],"about":[{"href":"https:\/\/linitiative.ca\/International\/wp-json\/wp\/v2\/types\/post"}],"author":[{"embeddable":true,"href":"https:\/\/linitiative.ca\/International\/wp-json\/wp\/v2\/users\/1789"}],"replies":[{"embeddable":true,"href":"https:\/\/linitiative.ca\/International\/wp-json\/wp\/v2\/comments?post=65563"}],"version-history":[{"count":0,"href":"https:\/\/linitiative.ca\/International\/wp-json\/wp\/v2\/posts\/65563\/revisions"}],"wp:featuredmedia":[{"embeddable":true,"href":"https:\/\/linitiative.ca\/International\/wp-json\/"}],"wp:attachment":[{"href":"https:\/\/linitiative.ca\/International\/wp-json\/wp\/v2\/media?parent=65563"}],"wp:term":[{"taxonomy":"category","embeddable":true,"href":"https:\/\/linitiative.ca\/International\/wp-json\/wp\/v2\/categories?post=65563"},{"taxonomy":"post_tag","embeddable":true,"href":"https:\/\/linitiative.ca\/International\/wp-json\/wp\/v2\/tags?post=65563"}],"curies":[{"name":"wp","href":"https:\/\/api.w.org\/{rel}","templated":true}]}}