{"id":65571,"date":"2019-10-25T14:18:06","date_gmt":"2019-10-25T18:18:06","guid":{"rendered":"https:\/\/linitiative.ca\/International\/la-guinee-lance-son-fonds-de-developpement-industriel\/"},"modified":"2019-10-25T14:18:06","modified_gmt":"2019-10-25T18:18:06","slug":"la-guinee-lance-son-fonds-de-developpement-industriel","status":"publish","type":"post","link":"https:\/\/linitiative.ca\/International\/la-guinee-lance-son-fonds-de-developpement-industriel\/","title":{"rendered":"La Guin\u00e9e lance son fonds de d\u00e9veloppement industriel"},"content":{"rendered":"<div readability=\"32\">\n<p>Publi\u00e9 le 25.10.2019 \u00e0 19h18 par APA News<\/p>\n<\/div>\n<div readability=\"56\">\n<p>Le Premier ministre guin\u00e9en, Dr Ibrahima Kassory Fofana a lanc\u00e9, vendredi \u00e0 Conakry, le Fonds de D\u00e9veloppement Industriel et des PME (FODIP), qui vise \u00e0 promouvoir le d\u00e9veloppement industriel et de l\u2019entrepreneuriat.\u00ab Le FODIP est un instrument innovant de renforcement de capacit\u00e9s des structures d\u2019appui de l\u2019\u00e9cosyst\u00e8me entrepreneurial guin\u00e9en. C\u2019est aussi une plate-forme qui mutualise les interventions afin de garantir une meilleure efficacit\u00e9 op\u00e9rationnelle \u00bb, a expliqu\u00e9 le Pm Fofana.<\/p>\n<p>Selon lui, l\u2019av\u00e8nement du FODIP constitue une \u00e9tape majeure dans le processus d\u2019appui au d\u00e9veloppement du secteur industriel et des PME en Guin\u00e9e.<\/p>\n<p>\u00ab L\u2019op\u00e9rationnalisation du FODIP s\u2019inscrit dans la dynamique des actions prioritaires du Gouvernement visant \u00e0 cr\u00e9er des conditions favorables au d\u00e9veloppement du secteur priv\u00e9 \u00bb, a ajout\u00e9 le chef du Gouvernement guin\u00e9en.<\/p>\n<p>Pr\u00e9sent \u00e0 cette c\u00e9r\u00e9monie, le repr\u00e9sentant de la Banque Africaine de D\u00e9veloppement, L\u00e9andre Bassol\u00e9 a estim\u00e9 que le lancement du FODIP est important pour le secteur priv\u00e9 guin\u00e9en, dans un contexte de relance des unit\u00e9s industrielles destin\u00e9es \u00e0 la transformation des produits locaux.<\/p>\n<\/div>\n<p>Auteur: APA News<br \/>\n<a href=\"https:\/\/www.journalducameroun.com\/la-guinee-lance-son-fonds-de-developpement-industriel\/\">Cliquez ici pour lire l&rsquo;article depuis sa source.<\/a><\/p>\n","protected":false},"excerpt":{"rendered":"<p>Publi\u00e9 le 25.10.2019 \u00e0 19h18 par APA News Le Premier ministre guin\u00e9en, Dr Ibrahima Kassory Fofana a lanc\u00e9, vendredi \u00e0 Conakry, le Fonds de D\u00e9veloppement Industriel et des PME (FODIP), qui vise \u00e0 promouvoir le d\u00e9veloppement industriel et de l\u2019entrepreneuriat.\u00ab Le FODIP est un instrument innovant de renforcement de capacit\u00e9s des structures d\u2019appui de l\u2019\u00e9cosyst\u00e8me [&hellip;]<\/p>\n","protected":false},"author":1965,"featured_media":0,"comment_status":"closed","ping_status":"closed","sticky":false,"template":"","format":"standard","meta":{"fifu_image_url":"","fifu_image_alt":"","footnotes":""},"categories":[73,82],"tags":[],"class_list":["post-65571","post","type-post","status-publish","format-standard","hentry","category-actualite","category-cameroun"],"_links":{"self":[{"href":"https:\/\/linitiative.ca\/International\/wp-json\/wp\/v2\/posts\/65571","targetHints":{"allow":["GET"]}}],"collection":[{"href":"https:\/\/linitiative.ca\/International\/wp-json\/wp\/v2\/posts"}],"about":[{"href":"https:\/\/linitiative.ca\/International\/wp-json\/wp\/v2\/types\/post"}],"author":[{"embeddable":true,"href":"https:\/\/linitiative.ca\/International\/wp-json\/wp\/v2\/users\/1965"}],"replies":[{"embeddable":true,"href":"https:\/\/linitiative.ca\/International\/wp-json\/wp\/v2\/comments?post=65571"}],"version-history":[{"count":0,"href":"https:\/\/linitiative.ca\/International\/wp-json\/wp\/v2\/posts\/65571\/revisions"}],"wp:attachment":[{"href":"https:\/\/linitiative.ca\/International\/wp-json\/wp\/v2\/media?parent=65571"}],"wp:term":[{"taxonomy":"category","embeddable":true,"href":"https:\/\/linitiative.ca\/International\/wp-json\/wp\/v2\/categories?post=65571"},{"taxonomy":"post_tag","embeddable":true,"href":"https:\/\/linitiative.ca\/International\/wp-json\/wp\/v2\/tags?post=65571"}],"curies":[{"name":"wp","href":"https:\/\/api.w.org\/{rel}","templated":true}]}}