{"id":65574,"date":"2019-10-25T17:18:03","date_gmt":"2019-10-25T21:18:03","guid":{"rendered":"https:\/\/linitiative.ca\/International\/erosion-cotiere-tout-le-littoral-ivoirien-est-en-danger-physicien\/"},"modified":"2019-10-25T17:18:03","modified_gmt":"2019-10-25T21:18:03","slug":"erosion-cotiere-tout-le-littoral-ivoirien-est-en-danger-physicien","status":"publish","type":"post","link":"https:\/\/linitiative.ca\/International\/erosion-cotiere-tout-le-littoral-ivoirien-est-en-danger-physicien\/","title":{"rendered":"Erosion c\u00f4ti\u00e8re: \u00abTout le littoral ivoirien est en danger\u00bb (Physicien)"},"content":{"rendered":"<div readability=\"32\">\n<p>Publi\u00e9 le 25.10.2019 \u00e0 22h18 par APA News<\/p>\n<\/div>\n<div readability=\"94\">\n<p>Tout le littoral ivoirien est en danger et est sous la menace de l\u2019\u00e9rosion c\u00f4ti\u00e8re, a affirm\u00e9 vendredi \u00e0 Abidjan, Pr Ochou Ab\u00e9 Delfin, physicien de l\u2019atmosph\u00e8re et Coordonnateur du Programme de gestion du littoral ouest-africain ( En Anglais WACA) pour la C\u00f4te d\u2019Ivoire, un projet lanc\u00e9 dans le pays, il y a un an et dont l\u2019objectif principal est de renforcer la r\u00e9silience des communaut\u00e9s face \u00e0 l\u2019\u00e9rosion c\u00f4ti\u00e8re.\u00abEn 2011, il y a eu un raz-de-mar\u00e9e sur tout le littoral ivoirien parce que c\u2019est la zone la plus menac\u00e9e. Tout le littoral ivoirien est en danger. Il y a aussi les r\u00e9percussions du changement climatique sur le littoral \u00bb, a indiqu\u00e9 Pr Ochou qui s\u2019exprimait dans un atelier de formation des journalistes sur la gestion de l\u2019environnement c\u00f4tier en C\u00f4te d\u2019Ivoire.<\/p>\n<p>\u00ab L\u2019objectif principal de ce projet est de renforcer la r\u00e9silience des communaut\u00e9s face \u00e0 l\u2019\u00e9rosion c\u00f4ti\u00e8re \u00bb, a expliqu\u00e9 le physicien de l\u2019atmosph\u00e8re appelant \u00e0 \u00a0une gestion int\u00e9gr\u00e9e de la zone c\u00f4ti\u00e8re ivoirienne.<\/p>\n<p>Selon lui, \u00ab l\u2019instabilit\u00e9 politique ne permet pas d\u2019avoir des choses \u00e0 long terme. Ce qui nous tue\u00bb. Auparavant dans une communication sur la gestion int\u00e9gr\u00e9e de la zone c\u00f4ti\u00e8re dans le pays, \u00a0Pr Eric Val\u00e8re Djagoua, oc\u00e9anologue et coordonnateur adjoint du projet WACA en C\u00f4te d\u2019Ivoire a pass\u00e9 en revue les causes, les cons\u00e9quences et les solutions pour lutter contre l\u2019\u00e9rosion c\u00f4ti\u00e8re.<\/p>\n<p>Abondant dans le m\u00eame sens que Pr Ochou, M. Djagoua a soutenu que \u00ab la C\u00f4te d\u2019Ivoire n\u2019est pas \u00e9pargn\u00e9e par un tsunami comme en 1942 o\u00f9 la localit\u00e9 d\u2019Assinie a \u00e9t\u00e9 ravag\u00e9e par ce ph\u00e9nom\u00e8ne \u00bb. \u00a0Il a conseill\u00e9 que pour cela qu\u2019il \u00abfaut passer \u00e0 la gestion de ces zones qui est tr\u00e8s importante pour notre \u00e9conomie \u00bb.<\/p>\n<p>Dans la foul\u00e9e, Pr Djagoua a rappel\u00e9 que le littoral ivoirien a une population de 7 millions d\u2019habitants, soit 30% de la population ivoirienne. De son avis, la gestion de la zone c\u00f4ti\u00e8re est un \u00ab processus dynamique, continue destin\u00e9 \u00e0 promouvoir le d\u00e9veloppement durable \u00bb.<\/p>\n<p>Pour ce faire, il a \u00a0propos\u00e9 la combinaison de trois principes, notamment la concertation (au niveau r\u00e9gional, national et local), la coordination des actions et la bonne gouvernance.\u00a0<\/p>\n<p>Pr Djagoua a conclu en \u00e9num\u00e9rant plusieurs solutions pour r\u00e9duire la menace de l\u2019\u00e9rosion c\u00f4ti\u00e8re dans le pays dont la reconstitution des stocks halieutiques, la formation des acteurs et la sensibilisation des populations sur les questions de la zone c\u00f4ti\u00e8re.<\/p>\n<p>Le projet WACA est un projet r\u00e9gional qui regroupe six pays pour sa premi\u00e8re phase que sont la Mauritanie, le S\u00e9n\u00e9gal, la C\u00f4te d\u2019Ivoire, le Togo, le B\u00e9nin et SaoTom\u00e9 &#038; Principe.<\/p>\n<p>L\u2019objectif g\u00e9n\u00e9ral de ce projet est de renforcer la r\u00e9silience des communaut\u00e9s et des zones cibl\u00e9es de la zone c\u00f4ti\u00e8re ouest-africaine. En C\u00f4te d\u2019Ivoire, le projet \u00a0a \u00e9t\u00e9 lanc\u00e9 en 2018 pour une dur\u00e9e de cinq ans (2018-2023) et d\u2019un co\u00fbt d\u2019environ 16 milliards FCFA.<\/p>\n<\/div>\n<p>Auteur: APA News<br \/>\n<a href=\"https:\/\/www.journalducameroun.com\/erosion-cotiere-tout-le-littoral-ivoirien-est-en-danger-physicien\/\">Cliquez ici pour lire l&rsquo;article depuis sa source.<\/a><\/p>\n","protected":false},"excerpt":{"rendered":"<p>Publi\u00e9 le 25.10.2019 \u00e0 22h18 par APA News Tout le littoral ivoirien est en danger et est sous la menace de l\u2019\u00e9rosion c\u00f4ti\u00e8re, a affirm\u00e9 vendredi \u00e0 Abidjan, Pr Ochou Ab\u00e9 Delfin, physicien de l\u2019atmosph\u00e8re et Coordonnateur du Programme de gestion du littoral ouest-africain ( En Anglais WACA) pour la C\u00f4te d\u2019Ivoire, un projet lanc\u00e9 [&hellip;]<\/p>\n","protected":false},"author":1965,"featured_media":0,"comment_status":"closed","ping_status":"closed","sticky":false,"template":"","format":"standard","meta":{"fifu_image_url":"","fifu_image_alt":"","footnotes":""},"categories":[73,82],"tags":[],"class_list":["post-65574","post","type-post","status-publish","format-standard","hentry","category-actualite","category-cameroun"],"_links":{"self":[{"href":"https:\/\/linitiative.ca\/International\/wp-json\/wp\/v2\/posts\/65574","targetHints":{"allow":["GET"]}}],"collection":[{"href":"https:\/\/linitiative.ca\/International\/wp-json\/wp\/v2\/posts"}],"about":[{"href":"https:\/\/linitiative.ca\/International\/wp-json\/wp\/v2\/types\/post"}],"author":[{"embeddable":true,"href":"https:\/\/linitiative.ca\/International\/wp-json\/wp\/v2\/users\/1965"}],"replies":[{"embeddable":true,"href":"https:\/\/linitiative.ca\/International\/wp-json\/wp\/v2\/comments?post=65574"}],"version-history":[{"count":0,"href":"https:\/\/linitiative.ca\/International\/wp-json\/wp\/v2\/posts\/65574\/revisions"}],"wp:attachment":[{"href":"https:\/\/linitiative.ca\/International\/wp-json\/wp\/v2\/media?parent=65574"}],"wp:term":[{"taxonomy":"category","embeddable":true,"href":"https:\/\/linitiative.ca\/International\/wp-json\/wp\/v2\/categories?post=65574"},{"taxonomy":"post_tag","embeddable":true,"href":"https:\/\/linitiative.ca\/International\/wp-json\/wp\/v2\/tags?post=65574"}],"curies":[{"name":"wp","href":"https:\/\/api.w.org\/{rel}","templated":true}]}}