{"id":65575,"date":"2019-10-25T17:18:06","date_gmt":"2019-10-25T21:18:06","guid":{"rendered":"https:\/\/linitiative.ca\/International\/des-ministres-en-conclave-a-abidjan-pour-adopter-un-schema-damenagement-de-lespace-uemoa\/"},"modified":"2019-10-25T17:18:06","modified_gmt":"2019-10-25T21:18:06","slug":"des-ministres-en-conclave-a-abidjan-pour-adopter-un-schema-damenagement-de-lespace-uemoa","status":"publish","type":"post","link":"https:\/\/linitiative.ca\/International\/des-ministres-en-conclave-a-abidjan-pour-adopter-un-schema-damenagement-de-lespace-uemoa\/","title":{"rendered":"Des ministres en conclave \u00e0 Abidjan pour adopter un sch\u00e9ma d\u2019am\u00e9nagement de l\u2019espace UEMOA"},"content":{"rendered":"<div readability=\"32\">\n<p>Publi\u00e9 le 25.10.2019 \u00e0 22h18 par APA News<\/p>\n<\/div>\n<div readability=\"94\">\n<p>Une r\u00e9union de haut niveau des ministres en charge de l\u2019am\u00e9nagement du territoire de l\u2019Union \u00e9conomique et mon\u00e9taire ouest-africaine (UEMOA) s\u2019est ouverte vendredi \u00e0 Abidjan pour adopter le Sch\u00e9ma de d\u00e9veloppement de l\u2019espace r\u00e9gional (SDER), a constat\u00e9 APA sur place dans la capitale \u00e9conomique ivoirienne.Le SDER est un document \u00ab hautement strat\u00e9gique \u00bb pour l\u2019horizon 2040 avec entre autres pour objectifs d\u2019assurer l\u2019harmonisation des politiques nationales d\u2019am\u00e9nagement du territoire communautaire et fournir aux diff\u00e9rents pays les orientations n\u00e9cessaires pour la planification, la coordination et l\u2019animation du d\u00e9veloppement r\u00e9gional.<\/p>\n<p>\u00a0Pour Nial\u00e9 Kaba, la ministre ivoirienne du Plan et du d\u00e9veloppement, cette r\u00e9union constitue un \u00ab\u00e9l\u00e9ment important \u00bb pour le d\u00e9veloppement de l\u2019espace de l\u2019UEMOA.<\/p>\n<p>Mme Nial\u00e9 qui a pr\u00e9sid\u00e9 cette rencontre, a indiqu\u00e9 que ce projet SDER permettra aux pays de l\u2019UEMOA de relever plusieurs d\u00e9fis relatifs \u00e0 l\u2019am\u00e9nagement du territoire. Au nombre de ces d\u00e9fis, elle a \u00e9num\u00e9r\u00e9 entre autres, le d\u00e9veloppement des infrastructures, l\u2019\u00e9nergie, le transport, l\u2019urbanisme et la s\u00e9curit\u00e9.<\/p>\n<p>\u00abCes d\u00e9fis sont multiples et multidimensionnels et traduisent l\u2019imp\u00e9rieuse n\u00e9cessit\u00e9 et l\u2019int\u00e9r\u00eat qu\u2019il y a pour nos \u00c9tats d\u2019adopter un sch\u00e9ma commun et volontariste pour le d\u00e9veloppement spatial capable d\u2019apporter des solutions appropri\u00e9es \u00bb, a-t-elle estim\u00e9, saluant la pr\u00e9sence de ses coll\u00e8gues du S\u00e9n\u00e9gal, du Mali, du Niger et de la Guin\u00e9e Bissau.<\/p>\n<p>Selon la ministre, ces solutions peuvent permettre entre autres de promouvoir le d\u00e9veloppement des infrastructures structurantes transnationales et promouvoir les p\u00f4les urbains, agricoles, industriels et de recherche.<\/p>\n<p>\u00ab Le SDER permettra de prendre des mesures \u00e0 moyen et long terme visant \u00e0 accompagner les dynamiques r\u00e9gionales souhaitables, infl\u00e9chir les \u00e9volutions non d\u00e9sir\u00e9es et pr\u00e9venir celles \u00e0 venir afin de parvenir \u00e0 un d\u00e9veloppement soutenu, mieux \u00e9quilibr\u00e9 et durable de l\u2019espace communautaire\u00bb, a expliqu\u00e9 pour sa part, Paul Koffi Koffi, le Commissaire de l\u2019UEMOA en charge \u00a0du d\u00e9partement de l\u2019am\u00e9nagement du territoire et du transport.<\/p>\n<p>M. Koffi a ajout\u00e9 que la strat\u00e9gie d\u00e9velopp\u00e9e dans le SDER \u00ab devient un instrument qui devrait aider les Etats membres \u00e0 la planification et \u00e0 la programmation budg\u00e9taire sur la base d\u2019un meilleur ciblage des actions de d\u00e9veloppement \u00bb.<\/p>\n<p>Cr\u00e9\u00e9e en 1994, l\u2019UEMOA est une organisation ouest-africaine avec pour mission l\u2019int\u00e9gration \u00e9conomique de ses huit Etats membres que sont le B\u00e9nin, le Burkina Faso, la C\u00f4te d\u2019Ivoire, la Guin\u00e9e-Bissau, le Mali, le Niger, \u00a0le S\u00e9n\u00e9gal et le Togo.<\/p>\n<\/div>\n<p>Auteur: APA News<br \/>\n<a href=\"https:\/\/www.journalducameroun.com\/des-ministres-en-conclave-a-abidjan-pour-adopter-un-schema-damenagement-de-lespace-uemoa\/\">Cliquez ici pour lire l&rsquo;article depuis sa source.<\/a><\/p>\n","protected":false},"excerpt":{"rendered":"<p>Publi\u00e9 le 25.10.2019 \u00e0 22h18 par APA News Une r\u00e9union de haut niveau des ministres en charge de l\u2019am\u00e9nagement du territoire de l\u2019Union \u00e9conomique et mon\u00e9taire ouest-africaine (UEMOA) s\u2019est ouverte vendredi \u00e0 Abidjan pour adopter le Sch\u00e9ma de d\u00e9veloppement de l\u2019espace r\u00e9gional (SDER), a constat\u00e9 APA sur place dans la capitale \u00e9conomique ivoirienne.Le SDER est [&hellip;]<\/p>\n","protected":false},"author":1965,"featured_media":0,"comment_status":"closed","ping_status":"closed","sticky":false,"template":"","format":"standard","meta":{"fifu_image_url":"","fifu_image_alt":"","footnotes":""},"categories":[73,82],"tags":[],"class_list":["post-65575","post","type-post","status-publish","format-standard","hentry","category-actualite","category-cameroun"],"_links":{"self":[{"href":"https:\/\/linitiative.ca\/International\/wp-json\/wp\/v2\/posts\/65575","targetHints":{"allow":["GET"]}}],"collection":[{"href":"https:\/\/linitiative.ca\/International\/wp-json\/wp\/v2\/posts"}],"about":[{"href":"https:\/\/linitiative.ca\/International\/wp-json\/wp\/v2\/types\/post"}],"author":[{"embeddable":true,"href":"https:\/\/linitiative.ca\/International\/wp-json\/wp\/v2\/users\/1965"}],"replies":[{"embeddable":true,"href":"https:\/\/linitiative.ca\/International\/wp-json\/wp\/v2\/comments?post=65575"}],"version-history":[{"count":0,"href":"https:\/\/linitiative.ca\/International\/wp-json\/wp\/v2\/posts\/65575\/revisions"}],"wp:attachment":[{"href":"https:\/\/linitiative.ca\/International\/wp-json\/wp\/v2\/media?parent=65575"}],"wp:term":[{"taxonomy":"category","embeddable":true,"href":"https:\/\/linitiative.ca\/International\/wp-json\/wp\/v2\/categories?post=65575"},{"taxonomy":"post_tag","embeddable":true,"href":"https:\/\/linitiative.ca\/International\/wp-json\/wp\/v2\/tags?post=65575"}],"curies":[{"name":"wp","href":"https:\/\/api.w.org\/{rel}","templated":true}]}}