{"id":65577,"date":"2019-10-25T13:38:57","date_gmt":"2019-10-25T17:38:57","guid":{"rendered":"https:\/\/linitiative.ca\/International\/le-fmi-a-yaounde-pour-preparer-la-5e-revue-du-programme-economique-et-financier\/"},"modified":"2019-10-25T13:38:57","modified_gmt":"2019-10-25T17:38:57","slug":"le-fmi-a-yaounde-pour-preparer-la-5e-revue-du-programme-economique-et-financier","status":"publish","type":"post","link":"https:\/\/linitiative.ca\/International\/le-fmi-a-yaounde-pour-preparer-la-5e-revue-du-programme-economique-et-financier\/","title":{"rendered":"Le FMI \u00e0 Yaound\u00e9 pour pr\u00e9parer la 5e revue du programme \u00e9conomique et financier"},"content":{"rendered":"<div class=\"featured-area featured-area-inner\"><img loading=\"lazy\" decoding=\"async\" width=\"630\" height=\"354\" src=\"https:\/\/i1.wp.com\/ecomatin.net\/wp-content\/uploads\/2019\/10\/ecomatin.net-le-fmi-a-yaounde-pour-preparer-la-5e-revue-du-programme-economique-et-financier-fonds-monetaire-international.jpeg?resize=630%2C354&#038;ssl=1&#038;is-pending-load=1\" class=\"attachment-jannah-image-post size-jannah-image-post wp-post-image jetpack-lazy-image\" alt=\"\" data-attachment-id=\"13393\" data-permalink=\"https:\/\/ecomatin.net\/le-fmi-a-yaounde-pour-preparer-la-5e-revue-du-programme-economique-et-financier\/fonds-monetaire-international\/\" data-orig-file=\"https:\/\/i1.wp.com\/ecomatin.net\/wp-content\/uploads\/2019\/10\/ecomatin.net-le-fmi-a-yaounde-pour-preparer-la-5e-revue-du-programme-economique-et-financier-fonds-monetaire-international.jpeg?fit=630%2C354&#038;ssl=1\" data-orig-size=\"630,354\" data-comments-opened=\"0\" data-image-meta=\"{\"aperture\":\"0\",\"credit\":\"\",\"camera\":\"\",\"caption\":\"\",\"created_timestamp\":\"0\",\"copyright\":\"\",\"focal_length\":\"0\",\"iso\":\"0\",\"shutter_speed\":\"0\",\"title\":\"\",\"orientation\":\"0\"}\" data-image-title=\"Fonds monetaire international\" data-image-description=\"\" data-medium-file=\"https:\/\/i1.wp.com\/ecomatin.net\/wp-content\/uploads\/2019\/10\/ecomatin.net-le-fmi-a-yaounde-pour-preparer-la-5e-revue-du-programme-economique-et-financier-fonds-monetaire-international.jpeg?fit=300%2C169&#038;ssl=1\" data-large-file=\"https:\/\/i1.wp.com\/ecomatin.net\/wp-content\/uploads\/2019\/10\/ecomatin.net-le-fmi-a-yaounde-pour-preparer-la-5e-revue-du-programme-economique-et-financier-fonds-monetaire-international.jpeg?fit=630%2C354&#038;ssl=1\" data-lazy-srcset=\"https:\/\/i1.wp.com\/ecomatin.net\/wp-content\/uploads\/2019\/10\/ecomatin.net-le-fmi-a-yaounde-pour-preparer-la-5e-revue-du-programme-economique-et-financier-fonds-monetaire-international.jpeg?w=630&#038;ssl=1 630w, https:\/\/i1.wp.com\/ecomatin.net\/wp-content\/uploads\/2019\/10\/ecomatin.net-le-fmi-a-yaounde-pour-preparer-la-5e-revue-du-programme-economique-et-financier-fonds-monetaire-international.jpeg?resize=300%2C169&#038;ssl=1 300w, https:\/\/i1.wp.com\/ecomatin.net\/wp-content\/uploads\/2019\/10\/ecomatin.net-le-fmi-a-yaounde-pour-preparer-la-5e-revue-du-programme-economique-et-financier-fonds-monetaire-international.jpeg?resize=390%2C220&#038;ssl=1 390w\" data-lazy-sizes=\"(max-width: 630px) 100vw, 630px\" srcset=\"data:image\/gif;base64,R0lGODlhAQABAIAAAAAAAP\/\/\/yH5BAEAAAAALAAAAAABAAEAAAIBRAA7\"\/><\/div>\n<div class=\"entry-content entry clearfix\" readability=\"65\">\n<p>Du 28 octobre au 8 novembre 2019, une mission conduite par le Fonds mon\u00e9taire international (<strong>FMI<\/strong>) est attendue au Cameroun\u00a0 pour effectuer la 5e revue du programme \u00e9conomique de la Facilit\u00e9 \u00e9largie de cr\u00e9dit (<strong>FEC<\/strong>). Le programme officiel pr\u00e9voit des entretiens avec deux cat\u00e9gories d\u2019interlocuteurs. Il s\u2019agit des membres du gouvernement et des organismes sectoriels. La mission va s\u2019int\u00e9resser \u00e0 l\u2019\u00e9volution r\u00e9cente et les perspectives de l\u2019\u00e9conomie camerounaise. Elle va mener des discussions relatives aux performances au titre de la FEC (objectifs quantitatifs et rep\u00e8res structurels), les implications pour l\u2019ex\u00e9cution du budget 2019\u2009; ainsi que le budget 2020, le plan d\u2019endettement et d\u00e9caissement 2019-2020, le plan de restructuration des banques en difficult\u00e9 et le plan de restructuration et financement de la Soci\u00e9t\u00e9 nationale de raffinage (<strong>SONARA<\/strong>).<\/p>\n<p>En outre, au cours de sa mission, le FMI va s\u2019int\u00e9resser aux pr\u00e9visions des d\u00e9penses courantes au cours du second semestre 2019 en prenant en compte les \u00e9lections politiques, le dialogue national sur la crise anglophone, les subventions \u00e9nerg\u00e9tiques, la situation des d\u00e9penses ex\u00e9cut\u00e9es par proc\u00e9dures exceptionnelles \u00e0 fin septembre et projections \u00e0 fin 2019\u2009; la situation des d\u00e9penses sociales \u00e0 fin septembre et les projections \u00e0 fin 2019, et les d\u00e9penses d\u2019investissement par poste \u00e0 fin septembre 2019. Il sera aussi question de la mise en \u0153uvre des grands projets (CAN, Planut, <strong>Nachtigal,<\/strong> <strong>Memve\u2019ele,<\/strong> port de Kribi, autoroutes, etc.) par sources de financement (ressources propres, bancaires et ext\u00e9rieures) \u00e0 fin septembre 2019.<\/p>\n<p>Au cours de la 4e revue du programme \u00e9conomique triennal, le Cameroun a b\u00e9n\u00e9fici\u00e9, le 17 juillet dernier, d\u2019un d\u00e9caissement de pr\u00e8s de <strong>45 milliards de FCFA<\/strong> du FMI. L\u2019\u00c9tat attend une somme \u00e0 peu pr\u00e8s \u00e9quivalente si la 5e revue est concluante. Des sources bien inform\u00e9es \u00e9voquent un montant de <strong>50 milliards de FCFA<\/strong>.<\/p>\n<div class=\"about-author about-author-box container-wrapper\">\n<div class=\"author-avatar\">\n<p><img decoding=\"async\" src=\"http:\/\/\" alt=\"\"\/><\/p>\n<\/div>\n<p><h4>La R\u00e9daction EcoMatin<\/h4>\n<\/p>\n<\/div>\n<div class=\"awac-wrapper awac widget blog_subscription-2\">\n<h4 class=\"widget-title\">Abonnez-vous \u00e0 notre lettre d&rsquo;information<\/h4>\n<\/div>\n<\/div>\n<div class=\"toggle-post-content clearfix\"><a id=\"toggle-post-button\" class=\"button\" href=\"#\">Afficher plus <\/a><\/div>\n<p>Auteur: EcoMatin<br \/>\n<a href=\"https:\/\/ecomatin.net\/le-fmi-a-yaounde-pour-preparer-la-5e-revue-du-programme-economique-et-financier\/\">Cliquez ici pour lire l&rsquo;article depuis sa source.<\/a><\/p>\n","protected":false},"excerpt":{"rendered":"<p>Du 28 octobre au 8 novembre 2019, une mission conduite par le Fonds mon\u00e9taire international (FMI) est attendue au Cameroun\u00a0 pour effectuer la 5e revue du programme \u00e9conomique de la Facilit\u00e9 \u00e9largie de cr\u00e9dit (FEC). Le programme officiel pr\u00e9voit des entretiens avec deux cat\u00e9gories d\u2019interlocuteurs. Il s\u2019agit des membres du gouvernement et des organismes sectoriels. [&hellip;]<\/p>\n","protected":false},"author":1969,"featured_media":0,"comment_status":"closed","ping_status":"closed","sticky":false,"template":"","format":"standard","meta":{"fifu_image_url":"","fifu_image_alt":"","footnotes":""},"categories":[82,78],"tags":[],"class_list":["post-65577","post","type-post","status-publish","format-standard","hentry","category-cameroun","category-economie"],"_links":{"self":[{"href":"https:\/\/linitiative.ca\/International\/wp-json\/wp\/v2\/posts\/65577","targetHints":{"allow":["GET"]}}],"collection":[{"href":"https:\/\/linitiative.ca\/International\/wp-json\/wp\/v2\/posts"}],"about":[{"href":"https:\/\/linitiative.ca\/International\/wp-json\/wp\/v2\/types\/post"}],"author":[{"embeddable":true,"href":"https:\/\/linitiative.ca\/International\/wp-json\/wp\/v2\/users\/1969"}],"replies":[{"embeddable":true,"href":"https:\/\/linitiative.ca\/International\/wp-json\/wp\/v2\/comments?post=65577"}],"version-history":[{"count":0,"href":"https:\/\/linitiative.ca\/International\/wp-json\/wp\/v2\/posts\/65577\/revisions"}],"wp:attachment":[{"href":"https:\/\/linitiative.ca\/International\/wp-json\/wp\/v2\/media?parent=65577"}],"wp:term":[{"taxonomy":"category","embeddable":true,"href":"https:\/\/linitiative.ca\/International\/wp-json\/wp\/v2\/categories?post=65577"},{"taxonomy":"post_tag","embeddable":true,"href":"https:\/\/linitiative.ca\/International\/wp-json\/wp\/v2\/tags?post=65577"}],"curies":[{"name":"wp","href":"https:\/\/api.w.org\/{rel}","templated":true}]}}