{"id":65579,"date":"2019-10-25T14:05:48","date_gmt":"2019-10-25T18:05:48","guid":{"rendered":"https:\/\/linitiative.ca\/International\/25-nouvelles-voitures-en-cours-dacquisition-pour-reactiver-linter-city\/"},"modified":"2019-10-25T14:05:48","modified_gmt":"2019-10-25T18:05:48","slug":"25-nouvelles-voitures-en-cours-dacquisition-pour-reactiver-linter-city","status":"publish","type":"post","link":"https:\/\/linitiative.ca\/International\/25-nouvelles-voitures-en-cours-dacquisition-pour-reactiver-linter-city\/","title":{"rendered":"25 nouvelles voitures en cours d\u2019acquisition pour r\u00e9activer l\u2019Inter-city"},"content":{"rendered":"<div class=\"featured-area featured-area-inner\"><img loading=\"lazy\" decoding=\"async\" width=\"780\" height=\"405\" src=\"https:\/\/i0.wp.com\/ecomatin.net\/wp-content\/uploads\/2019\/10\/ecomatin.net-25-nouvelles-voitures-en-cours-dacquisition-pour-reactiver-linter-city-locomotive-camrail.jpg?resize=780%2C405&#038;ssl=1&#038;is-pending-load=1\" class=\"attachment-jannah-image-post size-jannah-image-post wp-post-image jetpack-lazy-image\" alt=\"\" data-attachment-id=\"13399\" data-permalink=\"https:\/\/ecomatin.net\/25-nouvelles-voitures-en-cours-dacquisition-pour-reactiver-linter-city\/locomotive-camrail\/\" data-orig-file=\"https:\/\/i0.wp.com\/ecomatin.net\/wp-content\/uploads\/2019\/10\/ecomatin.net-25-nouvelles-voitures-en-cours-dacquisition-pour-reactiver-linter-city-locomotive-camrail.jpg?fit=780%2C440&#038;ssl=1\" data-orig-size=\"780,440\" data-comments-opened=\"0\" data-image-meta=\"{\"aperture\":\"0\",\"credit\":\"\",\"camera\":\"\",\"caption\":\"\",\"created_timestamp\":\"0\",\"copyright\":\"\",\"focal_length\":\"0\",\"iso\":\"0\",\"shutter_speed\":\"0\",\"title\":\"\",\"orientation\":\"0\"}\" data-image-title=\"locomotive camrail\" data-image-description=\"\" data-medium-file=\"https:\/\/i0.wp.com\/ecomatin.net\/wp-content\/uploads\/2019\/10\/ecomatin.net-25-nouvelles-voitures-en-cours-dacquisition-pour-reactiver-linter-city-locomotive-camrail.jpg?fit=300%2C169&#038;ssl=1\" data-large-file=\"https:\/\/i0.wp.com\/ecomatin.net\/wp-content\/uploads\/2019\/10\/ecomatin.net-25-nouvelles-voitures-en-cours-dacquisition-pour-reactiver-linter-city-locomotive-camrail.jpg?fit=780%2C440&#038;ssl=1\" srcset=\"data:image\/gif;base64,R0lGODlhAQABAIAAAAAAAP\/\/\/yH5BAEAAAAALAAAAAABAAEAAAIBRAA7\"\/><\/div>\n<div class=\"entry-content entry clearfix\" readability=\"64\">\n<p>Le ministre des Transports, <strong>Jean-Ernest Massena Ngalle Bibehe<\/strong>, , a pr\u00e9sid\u00e9 jeudi 24 octobre \u00e0 Yaound\u00e9, les travaux de la 32<sup>\u00e8me<\/sup> session du Comit\u00e9 interminist\u00e9riel charg\u00e9 d\u2019assurer la coordination et le suivi du programme d\u2019infrastructures ferroviaires. Au sortir des \u00e9changes \u00e0 huis clos, les membres dudit comit\u00e9 ont annonc\u00e9 l\u2019imminence de la reprise des activit\u00e9s du train Intercity Douala-Yaound\u00e9.<\/p>\n<p><em>\u00ab\u00a0C\u2019est un imp\u00e9ratif, il faut am\u00e9liorer l\u2019offre des transports par voie ferr\u00e9e. Un vaste chantier qui pr\u00e9occupe les membres du comit\u00e9 interminist\u00e9riel charg\u00e9 d\u2019assurer la coordination et le suivi du programme d\u2019infrastructures ferroviaire. \u00a0Nous avons le Transcam 1, c\u2019est-\u00e0-dire Douala-Yaound\u00e9- qui va \u00eatre renouvel\u00e9 dans les prochains mois. Le tron\u00e7on restant va donc \u00eatre Belabo-Ngaound\u00e9r\u00e9 \u00bb<\/em>, a indiqu\u00e9 <strong>Claude Misse Ntone,<\/strong> directeur des Transports ferroviaires au minist\u00e8re des Transports.<\/p>\n<p>Et d\u2019ajouter que les \u00e9tudes en vue de l\u2019extension de la ligne ferroviaire de N\u2019Gaound\u00e9r\u00e9 au Cameroun, vers N\u2019Djamena au Tchad vont \u00eatre lanc\u00e9es d\u2019ici le d\u00e9but de l\u2019ann\u00e9e 2020\u00a0; la phase de contractualisation \u00e9tant presque termin\u00e9e. Quant au train Inter city, qui assurait la liaison entre Douala et Yaound\u00e9, le directeur des Transports ferroviaires rassure \u00e9galement que <em>\u00ab\u00a0nous sommes dans un projet d\u2019acquisition de <strong>25 nouvelles voitures-voyageurs<\/strong>. Nous avons entam\u00e9 la r\u00e9habilitation de 11 voitures du parc Soul\u00e9 qui devraient sortir des ateliers de Camrail\u00a0\u00bb<\/em>.<\/p>\n<p>En ce qui concerne la s\u00e9curit\u00e9 et le confort des passagers du train, le DGA de Camrail a signal\u00e9 <em>\u00ab\u00a0une r\u00e9duction significative des temps de transport. Nous avons r\u00e9alis\u00e9 Douala-Yaound\u00e9 en 3h40, mais nous devions le faire beaucoup moins avec la mise en \u0153uvre du programme de voies et d\u2019acquisition du mat\u00e9riel nouveau\u00a0\u00bb<\/em>.<\/p>\n<div class=\"about-author about-author-box container-wrapper\">\n<div class=\"author-avatar\">\n<p><img decoding=\"async\" src=\"http:\/\/\" alt=\"\"\/><\/p>\n<\/div>\n<p><h4>La R\u00e9daction EcoMatin<\/h4>\n<\/p>\n<\/div>\n<div class=\"awac-wrapper awac widget blog_subscription-2\">\n<h4 class=\"widget-title\">Abonnez-vous \u00e0 notre lettre d&rsquo;information<\/h4>\n<\/div>\n<\/div>\n<div class=\"toggle-post-content clearfix\"><a id=\"toggle-post-button\" class=\"button\" href=\"#\">Afficher plus <\/a><\/div>\n<p>Auteur: EcoMatin<br \/>\n<a href=\"https:\/\/ecomatin.net\/25-nouvelles-voitures-en-cours-dacquisition-pour-reactiver-linter-city\/\">Cliquez ici pour lire l&rsquo;article depuis sa source.<\/a><\/p>\n","protected":false},"excerpt":{"rendered":"<p>Le ministre des Transports, Jean-Ernest Massena Ngalle Bibehe, , a pr\u00e9sid\u00e9 jeudi 24 octobre \u00e0 Yaound\u00e9, les travaux de la 32\u00e8me session du Comit\u00e9 interminist\u00e9riel charg\u00e9 d\u2019assurer la coordination et le suivi du programme d\u2019infrastructures ferroviaires. Au sortir des \u00e9changes \u00e0 huis clos, les membres dudit comit\u00e9 ont annonc\u00e9 l\u2019imminence de la reprise des activit\u00e9s [&hellip;]<\/p>\n","protected":false},"author":1969,"featured_media":0,"comment_status":"closed","ping_status":"closed","sticky":false,"template":"","format":"standard","meta":{"fifu_image_url":"","fifu_image_alt":"","footnotes":""},"categories":[82,78],"tags":[],"class_list":["post-65579","post","type-post","status-publish","format-standard","hentry","category-cameroun","category-economie"],"_links":{"self":[{"href":"https:\/\/linitiative.ca\/International\/wp-json\/wp\/v2\/posts\/65579","targetHints":{"allow":["GET"]}}],"collection":[{"href":"https:\/\/linitiative.ca\/International\/wp-json\/wp\/v2\/posts"}],"about":[{"href":"https:\/\/linitiative.ca\/International\/wp-json\/wp\/v2\/types\/post"}],"author":[{"embeddable":true,"href":"https:\/\/linitiative.ca\/International\/wp-json\/wp\/v2\/users\/1969"}],"replies":[{"embeddable":true,"href":"https:\/\/linitiative.ca\/International\/wp-json\/wp\/v2\/comments?post=65579"}],"version-history":[{"count":0,"href":"https:\/\/linitiative.ca\/International\/wp-json\/wp\/v2\/posts\/65579\/revisions"}],"wp:attachment":[{"href":"https:\/\/linitiative.ca\/International\/wp-json\/wp\/v2\/media?parent=65579"}],"wp:term":[{"taxonomy":"category","embeddable":true,"href":"https:\/\/linitiative.ca\/International\/wp-json\/wp\/v2\/categories?post=65579"},{"taxonomy":"post_tag","embeddable":true,"href":"https:\/\/linitiative.ca\/International\/wp-json\/wp\/v2\/tags?post=65579"}],"curies":[{"name":"wp","href":"https:\/\/api.w.org\/{rel}","templated":true}]}}