{"id":65580,"date":"2019-10-25T14:34:34","date_gmt":"2019-10-25T18:34:34","guid":{"rendered":"https:\/\/linitiative.ca\/International\/xavier-messe-parle-de-la-presse-africaine-a-poutine\/"},"modified":"2019-10-25T14:34:34","modified_gmt":"2019-10-25T18:34:34","slug":"xavier-messe-parle-de-la-presse-africaine-a-poutine","status":"publish","type":"post","link":"https:\/\/linitiative.ca\/International\/xavier-messe-parle-de-la-presse-africaine-a-poutine\/","title":{"rendered":"Xavier Messe parle de la presse africaine \u00e0 Poutine"},"content":{"rendered":"<p><a href=\"https:\/\/i2.wp.com\/ecomatin.net\/wp-content\/uploads\/2019\/10\/ecomatin.net-xavier-messe-parle-de-la-presse-africaine-a-poutine-xavier-messe-1-1.jpg?ssl=1\"><\/p>\n<p><img loading=\"lazy\" decoding=\"async\" data-attachment-id=\"13404\" data-permalink=\"https:\/\/ecomatin.net\/xavier-messe-parle-de-la-presse-africaine-a-poutine\/edaoeay-anoda%c3%b7a-idaceaaioa-do-iooeia-n-doeiaiaeoaeyie-aaaoueo-aodeeaineeo-eioidiaoeiiiuo-aaaionoa-2\/\" data-orig-file=\"https:\/\/i2.wp.com\/ecomatin.net\/wp-content\/uploads\/2019\/10\/ecomatin.net-xavier-messe-parle-de-la-presse-africaine-a-poutine-xavier-messe-1-1.jpg?fit=1280%2C855&#038;ssl=1\" data-orig-size=\"1280,855\" data-comments-opened=\"0\" data-image-meta=\"{\"aperture\":\"0\",\"credit\":\"u00ccu00e8u00f5u00e0u00e8u00eb u00ccu00e5u00f2u00f6u00e5u00ebu00fc\/u00d2u00c0u00d1u00d1\",\"camera\":\"\",\"caption\":\"u00d0u00eeu00f1u00f1u00e8u00ff. u00d1u00eeu00f7u00e8. u00cfu00f0u00e5u00e7u00e8u00e4u00e5u00edu00f2 u00d0u00d4 u00c2u00ebu00e0u00e4u00e8u00ecu00e8u00f0 u00cfu00f3u00f2u00e8u00ed (u00f1u00efu00f0u00e0u00e2u00e0) u00e2u00ee u00e2u00f0u00e5u00ecu00ff u00eau00f0u00e0u00f2u00eau00eeu00e9 u00e2u00f1u00f2u00f0u00e5u00f7u00e8 u00f1 u00f0u00f3u00eau00eeu00e2u00eeu00e4u00e8u00f2u00e5u00ebu00ffu00ecu00e8 u00e2u00e5u00e4u00f3u00f9u00e8u00f5 u00e0u00f4u00f0u00e8u00eau00e0u00edu00f1u00eau00e8u00f5 u00e8u00edu00f4u00eeu00f0u00ecu00e0u00f6u00e8u00eeu00edu00edu00fbu00f5 u00e0u00e3u00e5u00edu00f2u00f1u00f2u00e2 u00e2 u00f0u00e0u00ecu00eau00e0u00f5 u00d1u00e0u00ecu00ecu00e8u00f2u00e0 u00d0u00eeu00f1u00f1u00e8u00ff-u00c0u00f4u00f0u00e8u00eau00e0 u00e2 u00cfu00e0u00f0u00eau00e5 u00edu00e0u00f3u00eau00e8 u00e8 u00e8u00f1u00eau00f3u00f1u00f1u00f2u00e2u00e0 \"u00d1u00e8u00f0u00e8u00f3u00f1\". u00ccu00e8u00f5u00e0u00e8u00eb u00ccu00e5u00f2u00f6u00e5u00ebu00fc\/u00f4u00eeu00f2u00eeu00f5u00eeu00f1u00f2-u00e0u00e3u00e5u00edu00f2u00f1u00f2u00e2u00ee u00d2u00c0u00d1u00d1\",\"created_timestamp\":\"1571860729\",\"copyright\":\"\",\"focal_length\":\"0\",\"iso\":\"0\",\"shutter_speed\":\"0\",\"title\":\"u00cau00f0u00e0u00f2u00eau00e0u00ff u00e2u00f1u00f2u00f0u00e5u00f7u00e0 u00efu00f0u00e5u00e7u00e8u00e4u00e5u00edu00f2u00e0 u00d0u00d4 u00cfu00f3u00f2u00e8u00edu00e0 u00f1 u00f0u00f3u00eau00eeu00e2u00eeu00e4u00e8u00f2u00e5u00ebu00ffu00ecu00e8 u00e2u00e5u00e4u00f3u00f9u00e8u00f5 u00e0u00f4u00f0u00e8u00eau00e0u00edu00f1u00eau00e8u00f5 u00e8u00edu00f4u00eeu00f0u00ecu00e0u00f6u00e8u00eeu00edu00edu00fbu00f5 u00e0u00e3u00e5u00edu00f2u00f1u00f2u00e2\",\"orientation\":\"0\"}\" data-image-title=\"\u00ca\u00f0\u00e0\u00f2\u00ea\u00e0\u00ff \u00e2\u00f1\u00f2\u00f0\u00e5\u00f7\u00e0 \u00ef\u00f0\u00e5\u00e7\u00e8\u00e4\u00e5\u00ed\u00f2\u00e0 \u00d0\u00d4 \u00cf\u00f3\u00f2\u00e8\u00ed\u00e0 \u00f1 \u00f0\u00f3\u00ea\u00ee\u00e2\u00ee\u00e4\u00e8\u00f2\u00e5\u00eb\u00ff\u00ec\u00e8 \u00e2\u00e5\u00e4\u00f3\u00f9\u00e8\u00f5 \u00e0\u00f4\u00f0\u00e8\u00ea\u00e0\u00ed\u00f1\u00ea\u00e8\u00f5 \u00e8\u00ed\u00f4\u00ee\u00f0\u00ec\u00e0\u00f6\u00e8\u00ee\u00ed\u00ed\u00fb\u00f5 \u00e0\u00e3\u00e5\u00ed\u00f2\u00f1\u00f2\u00e2\" data-image-description=\"\" data-medium-file=\"https:\/\/i2.wp.com\/ecomatin.net\/wp-content\/uploads\/2019\/10\/ecomatin.net-xavier-messe-parle-de-la-presse-africaine-a-poutine-xavier-messe-1-1.jpg?fit=300%2C200&#038;ssl=1\" data-large-file=\"https:\/\/i2.wp.com\/ecomatin.net\/wp-content\/uploads\/2019\/10\/ecomatin.net-xavier-messe-parle-de-la-presse-africaine-a-poutine-xavier-messe-1-1.jpg?fit=1024%2C684&#038;ssl=1\" class=\"wp-image-13404 alignleft\" src=\"https:\/\/i2.wp.com\/ecomatin.net\/wp-content\/uploads\/2019\/10\/ecomatin.net-xavier-messe-parle-de-la-presse-africaine-a-poutine-xavier-messe-1-1.jpg?resize=261%2C174&#038;ssl=1\" alt=\"\" width=\"261\" height=\"174\" srcset=\"https:\/\/i2.wp.com\/ecomatin.net\/wp-content\/uploads\/2019\/10\/ecomatin.net-xavier-messe-parle-de-la-presse-africaine-a-poutine-xavier-messe-1-1.jpg?resize=1024%2C684&#038;ssl=1 1024w, https:\/\/i2.wp.com\/ecomatin.net\/wp-content\/uploads\/2019\/10\/ecomatin.net-xavier-messe-parle-de-la-presse-africaine-a-poutine-xavier-messe-1-1.jpg?resize=300%2C200&#038;ssl=1 300w, https:\/\/i2.wp.com\/ecomatin.net\/wp-content\/uploads\/2019\/10\/ecomatin.net-xavier-messe-parle-de-la-presse-africaine-a-poutine-xavier-messe-1-1.jpg?resize=768%2C513&#038;ssl=1 768w, https:\/\/i2.wp.com\/ecomatin.net\/wp-content\/uploads\/2019\/10\/ecomatin.net-xavier-messe-parle-de-la-presse-africaine-a-poutine-xavier-messe-1-1.jpg?w=1280&#038;ssl=1 1280w\" sizes=\"auto, (max-width: 261px) 100vw, 261px\" data-recalc-dims=\"1\"\/><\/p>\n<p><\/a>Ce n\u2019est pas la premi\u00e8re fois qu\u2019il participe \u00e0 une rencontre d\u2019envergure mondiale, ou qu\u2019il se retrouve parmi les d\u00e9cideurs de la plan\u00e8te. Mais, le contexte est assez particulier pour relever la pr\u00e9sence de <strong>Xavier Mess\u00e8 \u00e0 Tiati<\/strong> au tout premier <strong>Forum Russie-Afrique<\/strong> tenu les 23 et 24 octobre 2019 \u00e0 Sotchi. En marge de cet \u00e9v\u00e9nement, le journaliste camerounais a pris part \u00e0 une conf\u00e9rence dont les \u00e9changes ont port\u00e9 sur le r\u00f4le des m\u00e9dias dans les relations russo-africaines. Rencontre qui a permis de jeter les jalons d\u2019un \u00ab\u00a0<em>nouveau mod\u00e8le de coop\u00e9ration m\u00e9diatique bas\u00e9 sur le respect mutuel, la coop\u00e9ration efficiente et la curiosit\u00e9 culturelle partag\u00e9e\u00a0<\/em>\u00bb.<\/p>\n<p>Le directeur de l\u2019Agence presse de la R\u00e9publique du Cameroun \u00e9tait aux c\u00f4t\u00e9s d\u2019autres directeurs d\u2019agence de presse aussi bien russes qu\u2019africains. Pour l\u2019ensemble de ces personnalit\u00e9s, il est d\u00e9sormais convenu que l\u2019Afrique et la Russie doivent converger vers un mod\u00e8le m\u00e9diatique fond\u00e9 sur les principes de <em>\u00ab\u00a0soutien utile et d\u2019un professionnalisme f\u00e9d\u00e9rateur qui puisse faire progresser les soci\u00e9t\u00e9s, stimuler la croissance, consolider les libert\u00e9s et se soucier de l\u2019environnement et des d\u00e9fis \u00e9cologiques de la plan\u00e8te\u00a0\u00bb<\/em>. In fine, il est question d\u2019arr\u00eater de voir le continent africain comme un objet m\u00e9diatique, mais plut\u00f4t de le percevoir comme un sujet agissant. L\u2019Afrique est souvent analys\u00e9e, comment\u00e9e, discut\u00e9e et jug\u00e9e par les autres, parfois d\u2019une mani\u00e8re asym\u00e9trique et malveillante\u00a0; ce qui rend souvent inaudible et marginalis\u00e9 son propre message.<\/p>\n<p><strong>Forte personnalit\u00e9<\/strong><\/p>\n<p>C\u2019est dans le sens de changer la donne que les Russes s\u2019engagent donc aupr\u00e8s des pays africains. Et pour atteindre ces objectifs, ils auront besoin de grandes figures du monde m\u00e9diatique du continent noir. Une cat\u00e9gorie dont fait partie Xavier Mess\u00e8 \u00e0 Tiati. Au Cameroun comme en Afrique, la plume de ce journaliste \u00e9m\u00e9rite\u00a0 porte depuis des d\u00e9cennies. Sa riche exp\u00e9rience dans le domaine pourrait lui permettre de jouer un r\u00f4le majeur dans le raffermissement des relations entre Russes et Africains sur le plan de la coop\u00e9ration m\u00e9diatique. Dot\u00e9 d\u2019un r\u00e9seau de relations professionnelles approfondies \u00e0 travers le monde, notamment dans le milieu de la presse, des affaires et du monde politique, Xavier Mess\u00e8 a rencontr\u00e9 de nombreuses personnalit\u00e9s, parmi lesquelles une vingtaine de chefs d\u2019Etat qu\u2019il a interview\u00e9s.<\/p>\n<p>C\u2019est sans nul doute ce qui a fait de lui cet homme qui, avec fermet\u00e9 mais sans am\u00e9nit\u00e9, sait d\u00e9fendre ses id\u00e9es. Un caract\u00e8re essentiel lorsqu\u2019on engage des relations importantes avec un des puissants du monde qu\u2019est la Russie. Ceux qui le connaissent tr\u00e8s peu ont encore pu le d\u00e9couvrir en f\u00e9vrier dernier, lorsqu\u2019il a pris en partie la d\u00e9fense du ministre d\u00e9l\u00e9gu\u00e9 aupr\u00e8s du ministre de la Justice. Xavier Mess\u00e8, est un des rares journalistes camerounais \u00e0 avoir pris la parole pour r\u00e9agir \u00e0 la sortie de l\u2019ambassade d\u2019Isra\u00ebl au Cameroun. Il indiquait alors en substance qu\u2019Isra\u00ebl est l\u2019Etat le plus raciste et le plus arrogant de la plan\u00e8te. Des propos courageux que peu de personnes peuvent tenir ouvertement sans quelque forme de repr\u00e9sailles.<\/p>\n<p><strong>Libert\u00e9 de ton<\/strong><\/p>\n<p>Cette libert\u00e9 de ton, l\u2019enseignant des Sciences de l\u2019information et de la communication des universit\u00e9s l\u2019affiche au maximum. Les chroniques, \u00e9ditoriaux et autres d\u00e9bats radiodiffus\u00e9s constituent un mus\u00e9e d\u2019interventions o\u00f9 Xavier Mess\u00e8 a toujours donn\u00e9 son point de vue sans fioriture. Au sein de l\u2019opinion publique camerounaise, il est consid\u00e9r\u00e9 par certains comme un \u00ab\u00a0centriste\u00a0\u00bb\u00a0; ni \u00e0 droite, ni \u00e0 gauche. Fid\u00e8le \u00e0 cette image, le journaliste sait d\u00e9peindre les mauvaises politiques mises en \u0153uvre par les gouvernants. Mais cela ne fait pas de lui forc\u00e9ment un \u00ab\u00a0ami\u00a0\u00bb de l\u2019opposition camerounaise, car il sait prendre des positions qui ne caressent pas celle-ci dans le sens du poil.<\/p>\n<p><strong>Nombreux challenges<\/strong><\/p>\n<p>Quoi qu\u2019il en soit, le natif de Nyamsong, dans le d\u00e9partement du Mbam et Inoubou (r\u00e9gion du Centre), est ouvert et se rend disponible autant que son emploi du temps, souvent surcharg\u00e9, le lui permet. Une disponibilit\u00e9 n\u00e9cessaire dans ce qui s\u2019apparente comme un changement de cap dans les rapports m\u00e9diatiques entre l\u2019Afrique et le reste du monde. A 66 ans bien sonn\u00e9s \u2013 il est n\u00e9 le 1<sup>er<\/sup> janvier 1953 \u2013 Xavier Mess\u00e8 a, en tout cas, l\u2019habitude des challenges. Les nombreux m\u00e9dias avec lesquels il a collabor\u00e9 (Jeune Afrique, Rfi, Mutations, Vox Africa, Groupe l\u2019Anecdote, pour ne citer que ceux-l\u00e0) lui ont permis de connaitre une grande partie du globe terrestre, en l\u2019occurrence toute l\u2019Afrique centrale, de l\u2019Ouest, et de l\u2019Est, ainsi que les plus grands pays d\u2019Europe, d\u2019Am\u00e9rique et Arabes.<\/p>\n<p>Dans cette \u00e9pop\u00e9e, il a certes des regrets\u00a0; notamment apr\u00e8s son passage au groupe l\u2019Anecdote, qui s\u2019est achev\u00e9 par un proc\u00e8s dans lequel il a \u00e9t\u00e9 finalement d\u00e9bout\u00e9. Cela ne l\u2019a cependant pas emp\u00each\u00e9 d\u2019aller vers de nouveaux horizons, comme le projet personnel dans lequel il s\u2019est lanc\u00e9 depuis plusieurs mois, avec la cr\u00e9ation de la chaine de t\u00e9l\u00e9vision \u00ab\u00a0<strong>Humanitarian TV (HTV<\/strong>)\u00a0\u00bb. L\u2019un des doyens du journalisme au Cameroun, semble avoir encore de la vigueur pour accompagner l\u2019alliance m\u00e9diatique russo-africaine commenc\u00e9e \u00e0 Sotchi.<\/p>\n<div class=\"about-author about-author-box container-wrapper\">\n<div class=\"author-avatar\">\n<p><img decoding=\"async\" src=\"http:\/\/\" alt=\"\"\/><\/p>\n<\/div>\n<p><h4>La R\u00e9daction EcoMatin<\/h4>\n<\/p>\n<\/div>\n<div class=\"awac-wrapper awac widget blog_subscription-2\">\n<h4 class=\"widget-title\">Abonnez-vous \u00e0 notre lettre d&rsquo;information<\/h4>\n<\/div>\n<p>Auteur: EcoMatin<br \/>\n<a href=\"https:\/\/ecomatin.net\/xavier-messe-parle-de-la-presse-africaine-a-poutine\/\">Cliquez ici pour lire l&rsquo;article depuis sa source.<\/a><\/p>\n","protected":false},"excerpt":{"rendered":"<p>Ce n\u2019est pas la premi\u00e8re fois qu\u2019il participe \u00e0 une rencontre d\u2019envergure mondiale, ou qu\u2019il se retrouve parmi les d\u00e9cideurs de la plan\u00e8te. Mais, le contexte est assez particulier pour relever la pr\u00e9sence de Xavier Mess\u00e8 \u00e0 Tiati au tout premier Forum Russie-Afrique tenu les 23 et 24 octobre 2019 \u00e0 Sotchi. En marge de [&hellip;]<\/p>\n","protected":false},"author":1969,"featured_media":0,"comment_status":"closed","ping_status":"closed","sticky":false,"template":"","format":"standard","meta":{"fifu_image_url":"","fifu_image_alt":"","footnotes":""},"categories":[82,78],"tags":[],"class_list":["post-65580","post","type-post","status-publish","format-standard","hentry","category-cameroun","category-economie"],"_links":{"self":[{"href":"https:\/\/linitiative.ca\/International\/wp-json\/wp\/v2\/posts\/65580","targetHints":{"allow":["GET"]}}],"collection":[{"href":"https:\/\/linitiative.ca\/International\/wp-json\/wp\/v2\/posts"}],"about":[{"href":"https:\/\/linitiative.ca\/International\/wp-json\/wp\/v2\/types\/post"}],"author":[{"embeddable":true,"href":"https:\/\/linitiative.ca\/International\/wp-json\/wp\/v2\/users\/1969"}],"replies":[{"embeddable":true,"href":"https:\/\/linitiative.ca\/International\/wp-json\/wp\/v2\/comments?post=65580"}],"version-history":[{"count":0,"href":"https:\/\/linitiative.ca\/International\/wp-json\/wp\/v2\/posts\/65580\/revisions"}],"wp:attachment":[{"href":"https:\/\/linitiative.ca\/International\/wp-json\/wp\/v2\/media?parent=65580"}],"wp:term":[{"taxonomy":"category","embeddable":true,"href":"https:\/\/linitiative.ca\/International\/wp-json\/wp\/v2\/categories?post=65580"},{"taxonomy":"post_tag","embeddable":true,"href":"https:\/\/linitiative.ca\/International\/wp-json\/wp\/v2\/tags?post=65580"}],"curies":[{"name":"wp","href":"https:\/\/api.w.org\/{rel}","templated":true}]}}