{"id":65582,"date":"2019-10-26T04:07:47","date_gmt":"2019-10-26T08:07:47","guid":{"rendered":"https:\/\/linitiative.ca\/International\/le-festival-international-du-kanun-du-31-octobre-au-2-novembre-2019-a-rabat\/"},"modified":"2019-10-26T04:07:47","modified_gmt":"2019-10-26T08:07:47","slug":"le-festival-international-du-kanun-du-31-octobre-au-2-novembre-2019-a-rabat","status":"publish","type":"post","link":"https:\/\/linitiative.ca\/International\/le-festival-international-du-kanun-du-31-octobre-au-2-novembre-2019-a-rabat\/","title":{"rendered":"Le Festival international du Kanun du 31 octobre au 2 novembre 2019 \u00e0 Rabat"},"content":{"rendered":"<header>\n<div class=\"entry-post-meta\">\n<div class=\"author-link\">Publi\u00e9 par <a itemprop=\"author\" itemscope=\"\" itemtype=\"https:\/\/schema.org\/Person\" href=\"http:\/\/aujourdhui.ma\/profile\/kaid\" rel=\"author\"><span itemprop=\"name\">ALM<\/span><\/a><\/div>\n<p>Date\u00a0:<time content=\"2019-10-06T09:07:47+00:00\" class=\"entry-date updated\" datetime=\"2019-10-06T09:07:47+00:00\">octobre 06, 2019<\/time><\/p>\n<div class=\"entry-cat\">dans:<a href=\"http:\/\/aujourdhui.ma\/category\/culture\" rel=\"category tag\">Culture<\/a><\/div>\n<p>1Vues<\/p>\n<\/div>\n<\/header>\n<div class=\"entry-content clearfix\" readability=\"41\"><img decoding=\"async\" class=\"post_layout_5_img\" src=\"http:\/\/aujourdhui.ma\/wp-content\/uploads\/2019\/10\/Festival-international-du-Kanun.jpg?x29840\" alt=\"Le Festival international du Kanun du 31 octobre au 2 novembre 2019 \u00e0 Rabat\"\/><\/p>\n<p class=\"p1\"><span class=\"s1\">Rabat accueillera du 31 octobre au 2 novembre 2019 la 4\u00e8me \u00e9dition du Festival international du Kanun, organis\u00e9 par l\u2019association \u00abAfnan\u00bb en partenariat avec l\u2019Association Ribat Al Fath pour le d\u00e9veloppement durable, et avec la participation de nombreux musiciens prestigieux venant du Maroc, ainsi que la pr\u00e9sence d\u2019\u00e9minents musiciens de la Turquie, d\u2019Irak, d\u2019Alg\u00e9rie, de la Tunisie et du Liban comme invit\u00e9 d\u2019honneur.<\/span><\/p>\n<\/div>\n<p>Auteur: ALM<br \/>\n<a href=\"http:\/\/aujourdhui.ma\/culture\/le-festival-international-du-kanun-du-31-octobre-au-2-novembre-2019-a-rabat\">Cliquez ici pour lire l&rsquo;article depuis sa source.<\/a><\/p>\n","protected":false},"excerpt":{"rendered":"<p>Publi\u00e9 par ALM Date\u00a0:octobre 06, 2019 dans:Culture 1Vues Rabat accueillera du 31 octobre au 2 novembre 2019 la 4\u00e8me \u00e9dition du Festival international du Kanun, organis\u00e9 par l\u2019association \u00abAfnan\u00bb en partenariat avec l\u2019Association Ribat Al Fath pour le d\u00e9veloppement durable, et avec la participation de nombreux musiciens prestigieux venant du Maroc, ainsi que la pr\u00e9sence [&hellip;]<\/p>\n","protected":false},"author":1759,"featured_media":0,"comment_status":"closed","ping_status":"closed","sticky":false,"template":"","format":"standard","meta":{"fifu_image_url":"","fifu_image_alt":"","footnotes":""},"categories":[73,54],"tags":[],"class_list":["post-65582","post","type-post","status-publish","format-standard","hentry","category-actualite","category-maroc"],"_links":{"self":[{"href":"https:\/\/linitiative.ca\/International\/wp-json\/wp\/v2\/posts\/65582","targetHints":{"allow":["GET"]}}],"collection":[{"href":"https:\/\/linitiative.ca\/International\/wp-json\/wp\/v2\/posts"}],"about":[{"href":"https:\/\/linitiative.ca\/International\/wp-json\/wp\/v2\/types\/post"}],"author":[{"embeddable":true,"href":"https:\/\/linitiative.ca\/International\/wp-json\/wp\/v2\/users\/1759"}],"replies":[{"embeddable":true,"href":"https:\/\/linitiative.ca\/International\/wp-json\/wp\/v2\/comments?post=65582"}],"version-history":[{"count":0,"href":"https:\/\/linitiative.ca\/International\/wp-json\/wp\/v2\/posts\/65582\/revisions"}],"wp:attachment":[{"href":"https:\/\/linitiative.ca\/International\/wp-json\/wp\/v2\/media?parent=65582"}],"wp:term":[{"taxonomy":"category","embeddable":true,"href":"https:\/\/linitiative.ca\/International\/wp-json\/wp\/v2\/categories?post=65582"},{"taxonomy":"post_tag","embeddable":true,"href":"https:\/\/linitiative.ca\/International\/wp-json\/wp\/v2\/tags?post=65582"}],"curies":[{"name":"wp","href":"https:\/\/api.w.org\/{rel}","templated":true}]}}