{"id":65584,"date":"2019-10-26T04:09:16","date_gmt":"2019-10-26T08:09:16","guid":{"rendered":"https:\/\/linitiative.ca\/International\/plus-de-144-millions-de-beneficiaires-du-ramed-91-sont-en-situation-de-pauvrete-absolue\/"},"modified":"2019-10-26T04:09:16","modified_gmt":"2019-10-26T08:09:16","slug":"plus-de-144-millions-de-beneficiaires-du-ramed-91-sont-en-situation-de-pauvrete-absolue","status":"publish","type":"post","link":"https:\/\/linitiative.ca\/International\/plus-de-144-millions-de-beneficiaires-du-ramed-91-sont-en-situation-de-pauvrete-absolue\/","title":{"rendered":"Plus de 14,4 millions de b\u00e9n\u00e9ficiaires du Ramed : 91% sont en situation de pauvret\u00e9 absolue"},"content":{"rendered":"<p><img decoding=\"async\" class=\"post_layout_5_img\" src=\"http:\/\/aujourdhui.ma\/wp-content\/uploads\/2017\/02\/RAMED.jpg?x29840\" alt=\"Plus de 14,4 millions de b\u00e9n\u00e9ficiaires du Ramed : 91% sont en situation de pauvret\u00e9 absolue\"\/><\/p>\n<p class=\"p1\"><span class=\"s1 c4\"><strong>49% sont issus du milieu rural et 52% des femmes<\/strong><\/span> <span id=\"more-321383\"\/><\/p>\n<div class=\"base-box mom_box_sc_custom mom_box_sc clear c5\" readability=\"10\">\n<p><strong>L\u2019extension de l\u2019assurance-maladie aux travailleurs non salari\u00e9s, qui repr\u00e9sentent 33% de la population, constitue une \u00e9tape d\u00e9cisive vers l\u2019atteinte de la couverture sanitaire universelle<\/strong><\/p>\n<\/div>\n<p class=\"p1\"><span class=\"s1\">Le plan sant\u00e9 2025 accorde une place importante \u00e0 la poursuite de l\u2019\u00e9largissement de la couverture m\u00e9dicale de base vers une couverture sanitaire universelle. L\u2019objectif \u00e9tant d\u2019atteindre un taux de<span class=\"Apple-converted-space\">\u00a0<\/span> couverture m\u00e9dicale de 90%. Pour atteindre cet objectif, il est primordial d\u2019am\u00e9liorer la protection financi\u00e8re des populations pauvres et vuln\u00e9rables dans le cadre du Ramed et de poursuivre l\u2019\u00e9largissement de la couverture m\u00e9dicale dans le cadre de l\u2019AMO. S\u2019agissant du Ramed, la g\u00e9n\u00e9ralisation effective de ce r\u00e9gime \u00e0 compter du 16 mars 2012 a permis d\u2019atteindre au 5 septembre 2019 plus de 14,4 millions de b\u00e9n\u00e9ficiaires et pr\u00e8s de 5,49 millions de foyers immatricul\u00e9s.<\/span><\/p>\n<p class=\"p1\"><span class=\"s1\">A noter que 91% des b\u00e9n\u00e9ficiaires sont en situation de pauvret\u00e9 absolue, une part qui ne cesse de s\u2019accro\u00eetre (72% en 2012 et 86% en 2015). Autre constat \u00e0 retenir : 49% des b\u00e9n\u00e9ficiaires sont issus du milieu rural et 52% sont des femmes. Selon le minist\u00e8re de la sant\u00e9, la mise en \u0153uvre effective du Ramed a permis d\u2019am\u00e9liorer de mani\u00e8re significative le taux de couverture maladie qui a atteint actuellement les 64% et de r\u00e9duire de 38% les d\u00e9penses directes des personnes b\u00e9n\u00e9ficiaires du r\u00e9gime. Malgr\u00e9 ces avanc\u00e9es, une large frange de la population (environ 40%) demeure actuellement en dehors de la couverture du risque maladie, notamment les ind\u00e9pendants. L\u2019extension de l\u2019assurance-maladie aux travailleurs non salari\u00e9s, qui repr\u00e9sentent 33% de la population, constitue une \u00e9tape d\u00e9cisive vers l\u2019atteinte de la couverture sanitaire universelle.<\/span><\/p>\n<p class=\"p1\"><span class=\"s1\">Signalons que deux projets de d\u00e9crets d\u2019application de la loi 98-15 relative \u00e0 l\u2019AMO ont \u00e9t\u00e9 adopt\u00e9s par le Conseil de gouvernement le 5 septembre dernier. Rappelons que ces d\u00e9crets ont concern\u00e9 trois cat\u00e9gories de b\u00e9n\u00e9ficiaires, \u00e0 savoir les sages-femmes, les professionnels de r\u00e9\u00e9ducation et les adouls. S\u2019agissant de l\u2019AMO, la population couverte par le r\u00e9gime a atteint 9,1 millions de personnes en 2016, soit environ 26% de la population nationale.<span class=\"Apple-converted-space\">\u00a0<\/span> Les assur\u00e9s repr\u00e9sentent 43% de la population b\u00e9n\u00e9ficiaire, soit 3,9 millions de personnes.<span class=\"Apple-converted-space\">\u00a0<\/span> Les b\u00e9n\u00e9ficiaires du secteur priv\u00e9 repr\u00e9sentent 66,8% du total des b\u00e9n\u00e9ficiaires, soit environ 6 millions de personnes contre 3.024.000 personnes pour le secteur public.<\/span><\/p>\n<p class=\"p1\"><span class=\"s1\">Le r\u00e9gime AMO \u00e9tudiants compte pr\u00e8s de 116.247 b\u00e9n\u00e9ficiaires au titre de l\u2019ann\u00e9e scolaire 2018-2019, un chiffre en nette hausse par rapport \u00e0 l\u2019ann\u00e9e pr\u00e9c\u00e9dente. Cette importante adh\u00e9sion au r\u00e9gime s\u2019explique par la simplification des proc\u00e9dures faisant suite \u00e0 l\u2019entr\u00e9e en vigueur du nouveau d\u00e9cret relatif \u00e0 l\u2019AMO de base des \u00e9tudiants.<span class=\"Apple-converted-space\">\u00a0<\/span> Pour ce qui est des d\u00e9penses au titre de l\u2019AMO, celles-ci se sont \u00e9tablies \u00e0 7,8 milliards DH en 2016, soit une hausse de 13% par rapport \u00e0 2015 ( 6,9 milliards DH). A noter que ces d\u00e9penses ont \u00e9t\u00e9 destin\u00e9es \u00e0 hauteur de 30% aux m\u00e9dicaments et \u00e0 hauteur de 47,7% aux affections longue dur\u00e9e ( ALD). Dans le but d\u2019am\u00e9liorer la gouvernance et<span class=\"Apple-converted-space\">\u00a0<\/span> la gestion de l\u2019AMO du secteur public, <span class=\"Apple-converted-space\">\u00a0<\/span> la Caisse marocaine de l\u2019assurance-maladie ( CMAM) qui remplace la CNOPS a \u00e9t\u00e9 cr\u00e9\u00e9e.<\/span><\/p>\n<p>Auteur: ALM<br \/>\n<a href=\"http:\/\/aujourdhui.ma\/societe\/plus-de-144-millions-de-beneficiaires-du-ramed-91-sont-en-situation-de-pauvrete-absolue\">Cliquez ici pour lire l&rsquo;article depuis sa source.<\/a><\/p>\n","protected":false},"excerpt":{"rendered":"<p>49% sont issus du milieu rural et 52% des femmes L\u2019extension de l\u2019assurance-maladie aux travailleurs non salari\u00e9s, qui repr\u00e9sentent 33% de la population, constitue une \u00e9tape d\u00e9cisive vers l\u2019atteinte de la couverture sanitaire universelle Le plan sant\u00e9 2025 accorde une place importante \u00e0 la poursuite de l\u2019\u00e9largissement de la couverture m\u00e9dicale de base vers une [&hellip;]<\/p>\n","protected":false},"author":1759,"featured_media":0,"comment_status":"closed","ping_status":"closed","sticky":false,"template":"","format":"standard","meta":{"fifu_image_url":"","fifu_image_alt":"","footnotes":""},"categories":[73,54],"tags":[],"class_list":["post-65584","post","type-post","status-publish","format-standard","hentry","category-actualite","category-maroc"],"_links":{"self":[{"href":"https:\/\/linitiative.ca\/International\/wp-json\/wp\/v2\/posts\/65584","targetHints":{"allow":["GET"]}}],"collection":[{"href":"https:\/\/linitiative.ca\/International\/wp-json\/wp\/v2\/posts"}],"about":[{"href":"https:\/\/linitiative.ca\/International\/wp-json\/wp\/v2\/types\/post"}],"author":[{"embeddable":true,"href":"https:\/\/linitiative.ca\/International\/wp-json\/wp\/v2\/users\/1759"}],"replies":[{"embeddable":true,"href":"https:\/\/linitiative.ca\/International\/wp-json\/wp\/v2\/comments?post=65584"}],"version-history":[{"count":0,"href":"https:\/\/linitiative.ca\/International\/wp-json\/wp\/v2\/posts\/65584\/revisions"}],"wp:attachment":[{"href":"https:\/\/linitiative.ca\/International\/wp-json\/wp\/v2\/media?parent=65584"}],"wp:term":[{"taxonomy":"category","embeddable":true,"href":"https:\/\/linitiative.ca\/International\/wp-json\/wp\/v2\/categories?post=65584"},{"taxonomy":"post_tag","embeddable":true,"href":"https:\/\/linitiative.ca\/International\/wp-json\/wp\/v2\/tags?post=65584"}],"curies":[{"name":"wp","href":"https:\/\/api.w.org\/{rel}","templated":true}]}}