{"id":65590,"date":"2019-10-26T13:04:12","date_gmt":"2019-10-26T17:04:12","guid":{"rendered":"https:\/\/linitiative.ca\/International\/valoriser-le-patrimoine-materiel-et-immateriel-du-sud-pour-un-developpement-durable\/"},"modified":"2019-10-26T13:04:12","modified_gmt":"2019-10-26T17:04:12","slug":"valoriser-le-patrimoine-materiel-et-immateriel-du-sud-pour-un-developpement-durable","status":"publish","type":"post","link":"https:\/\/linitiative.ca\/International\/valoriser-le-patrimoine-materiel-et-immateriel-du-sud-pour-un-developpement-durable\/","title":{"rendered":"Valoriser le patrimoine mat\u00e9riel et immat\u00e9riel du sud pour un d\u00e9veloppement durable"},"content":{"rendered":"<div readability=\"38\">\n<p><strong>GHARDAIA &#8211; Le ministre du Tourisme et de l\u2019Artisanat, Abdelkader Benmessaoud a mis l\u2019accent, samedi \u00e0 Gharda\u00efa, sur la n\u00e9cessit\u00e9 de r\u00e9pertorier le patrimoine mat\u00e9riel et immat\u00e9riel dont dispose le sud du pays et l\u2019importance de sa valorisation en vue de r\u00e9aliser un d\u00e9veloppement durable et promouvoir le tourisme dans cet espace.<\/strong><\/p>\n<\/div>\n<div readability=\"106\">\n<p>Le ministre qui a donn\u00e9 le coup d\u2019envoi officiel de la saison touristique saharienne depuis Gharda\u00efa, a indiqu\u00e9 que \u00ab\u00a0toutes les conditions sont propices pour la r\u00e9ussite de la saison touristique dans les r\u00e9gions du sud du pays qui disposent d\u2019un patrimoine mat\u00e9riel et immat\u00e9riel riche et diversifi\u00e9 qu\u2019il appartient de valoriser\u00a0\u00bb.<\/p>\n<p>\u00ab\u00a0Le patrimoine atypique du sud alg\u00e9rien incite \u00e0 d\u00e9velopper un tourisme culturel durable et \u00e9co-responsable et d\u2019en faire un levier du d\u00e9veloppement \u00e9conomique et de cr\u00e9ation d&#8217;emplois et de la richesse dans la p\u00e9rennit\u00e9\u00a0\u00bb, a-t-il soulign\u00e9.<\/p>\n<p>Le ministre a estim\u00e9 qu'\u00a0\u00bbavec sa richesse culturelle, architecturale, historique et son hospitalit\u00e9, la r\u00e9gion de Gharda\u00efa se pr\u00e9sente comme l&rsquo;une des destinations phares du tourisme saharien qui fait part d\u2019une fusion intrins\u00e8que entre tourisme et culture\u00a0\u00bb.<\/p>\n<p>Il a affirm\u00e9 que le d\u00e9veloppement du tourisme ne peut \u00eatre r\u00e9alis\u00e9 qu&rsquo;\u00e0 travers la promotion de la culture et la pr\u00e9servation des valeurs h\u00e9rit\u00e9es des anc\u00eatres.<\/p>\n<p>Dans ce cadre, le ministre a soulign\u00e9 la n\u00e9cessit\u00e9 de mettre en exergue les potentialit\u00e9s qu&rsquo;offre la r\u00e9gion en mati\u00e8re d&rsquo;\u00e9cotourisme et de tourisme culturel , tout en renfor\u00e7ant le positionnement de la r\u00e9gion, et d&rsquo;\u0153uvrer \u00e0 la promotion d\u2019un tourisme respectueux de l&rsquo;environnement et du patrimoine.<\/p>\n<p>\u00ab\u00a0La richesse et la diversit\u00e9 du patrimoine de la wilaya de Gharda\u00efa qui est \u00e0 la fois spirituel, architectural class\u00e9 patrimoine universel ainsi que paysager et \u00e9cologique, appelle tous les acteurs \u00e0 s&rsquo;engager pour sa pr\u00e9servation et sa revivification\u00a0\u00bb, a-t-il rappel\u00e9.<\/p>\n<p>Il a affirm\u00e9, \u00e0 cet \u00e9gard, que les pouvoirs publics \u0153uvrent \u00e0 booster davantage le tourisme et \u00e0 lui donner, ainsi, la pleine mesure du potentiel local, selon une strat\u00e9gie \u00e9labor\u00e9e dans le cadre d\u2019une approche participative avec l\u2019ensemble des partenaires et acteurs du tourisme.<\/p>\n<p>\u00ab\u00a0Les pouvoirs publics ont cr\u00e9\u00e9 les conditions d\u2019accompagnement et d\u2019attractivit\u00e9 de l\u2019investissement touristique en identifiant et viabilisant les zones d\u2019expansion touristique (ZET) pour recevoir des projets capable de cr\u00e9er emploi et richesse et satisfaire la demande des touristes\u00a0\u00bb, a pr\u00e9cis\u00e9 M.Benmessaoud.<\/p>\n<p>Le ministre s\u2019est f\u00e9licit\u00e9 du renforcement de la desserte a\u00e9rienne vers les r\u00e9gions touristiques du sud du pays avant d\u2019appeler les acteurs du tourisme \u00e0 programmer des campagnes promotionnelles pour attirer les touristes et conforter le rayonnement du Sahara alg\u00e9rien tant au niveau national qu\u2019\u00e0 l\u2019\u00e9chelle\u00a0 international.<\/p>\n<p>Auparavant, M. Benmessaoud, accompagn\u00e9 de diff\u00e9rents acteurs du secteur du tourisme dans le sud, a visionn\u00e9 un documentaire sur le tourisme saharien avant d\u2019assister \u00e0 une c\u00e9r\u00e9monie de signature d\u2019une convention de formation de plus d\u2019une centaine de jeunes entre l\u2019institut h\u00f4telier de Boussa\u00e2da et le minist\u00e8re du tourisme, et de l\u2019artisanat.<\/p>\n<p>Le ministre a effectu\u00e9 une visite \u00e0 la place embl\u00e9matique du souk de Gharda\u00efa o\u00f9 il a rencontr\u00e9 quelques touristes \u00e9trangers en visite dans la r\u00e9gion avant d\u2019inspecter le projet de r\u00e9habilitation de l\u2019h\u00f4tel M\u2019Zab ainsi que des infrastructures priv\u00e9es dans la vall\u00e9e du M\u2019Zab .<\/p>\n<p>Il se rendra dans l\u2019apr\u00e8s midi \u00e0 la station thermale de Zelfana (60 km au Sud\/est du chef lieu de wilaya).<\/p>\n<p>Le ministre du tourisme, et de l\u2019artisanat poursuivra sa tourn\u00e9e dimanche dans la wilaya Del\u00e9gu\u00e9e d\u2019El Menea (275 km au sud de Gharda\u00efa).<\/p>\n<\/div>\n<p>Auteur:<br \/>\n<a href=\"http:\/\/www.aps.dz\/culture\/96360-valoriser-le-patrimoine-materiel-et-immateriel-du-sud-pour-un-developpement-durable\">Cliquez ici pour lire l&rsquo;article depuis sa source.<\/a><\/p>\n","protected":false},"excerpt":{"rendered":"<p>GHARDAIA &#8211; Le ministre du Tourisme et de l\u2019Artisanat, Abdelkader Benmessaoud a mis l\u2019accent, samedi \u00e0 Gharda\u00efa, sur la n\u00e9cessit\u00e9 de r\u00e9pertorier le patrimoine mat\u00e9riel et immat\u00e9riel dont dispose le sud du pays et l\u2019importance de sa valorisation en vue de r\u00e9aliser un d\u00e9veloppement durable et promouvoir le tourisme dans cet espace. Le ministre qui [&hellip;]<\/p>\n","protected":false},"author":1790,"featured_media":0,"comment_status":"closed","ping_status":"closed","sticky":false,"template":"","format":"standard","meta":{"fifu_image_url":"","fifu_image_alt":"","footnotes":""},"categories":[53,79],"tags":[],"class_list":["post-65590","post","type-post","status-publish","format-standard","hentry","category-algerie","category-culture"],"_links":{"self":[{"href":"https:\/\/linitiative.ca\/International\/wp-json\/wp\/v2\/posts\/65590","targetHints":{"allow":["GET"]}}],"collection":[{"href":"https:\/\/linitiative.ca\/International\/wp-json\/wp\/v2\/posts"}],"about":[{"href":"https:\/\/linitiative.ca\/International\/wp-json\/wp\/v2\/types\/post"}],"author":[{"embeddable":true,"href":"https:\/\/linitiative.ca\/International\/wp-json\/wp\/v2\/users\/1790"}],"replies":[{"embeddable":true,"href":"https:\/\/linitiative.ca\/International\/wp-json\/wp\/v2\/comments?post=65590"}],"version-history":[{"count":0,"href":"https:\/\/linitiative.ca\/International\/wp-json\/wp\/v2\/posts\/65590\/revisions"}],"wp:attachment":[{"href":"https:\/\/linitiative.ca\/International\/wp-json\/wp\/v2\/media?parent=65590"}],"wp:term":[{"taxonomy":"category","embeddable":true,"href":"https:\/\/linitiative.ca\/International\/wp-json\/wp\/v2\/categories?post=65590"},{"taxonomy":"post_tag","embeddable":true,"href":"https:\/\/linitiative.ca\/International\/wp-json\/wp\/v2\/tags?post=65590"}],"curies":[{"name":"wp","href":"https:\/\/api.w.org\/{rel}","templated":true}]}}