{"id":65592,"date":"2019-10-26T10:25:00","date_gmt":"2019-10-26T14:25:00","guid":{"rendered":"https:\/\/linitiative.ca\/International\/averses-de-pluie-sur-quatre-wilayas-du-centre-et-de-lest-du-pays\/"},"modified":"2019-10-26T10:25:00","modified_gmt":"2019-10-26T14:25:00","slug":"averses-de-pluie-sur-quatre-wilayas-du-centre-et-de-lest-du-pays","status":"publish","type":"post","link":"https:\/\/linitiative.ca\/International\/averses-de-pluie-sur-quatre-wilayas-du-centre-et-de-lest-du-pays\/","title":{"rendered":"Averses de pluie sur quatre wilayas du centre et de l&rsquo;est du pays"},"content":{"rendered":"<div id=\"originalText\" readability=\"45\">\n<p>De fr\u00e9quentes averses de pluie affecteront, \u00e0 partir de ce samedi apr\u00e8s-midi, plusieurs wilayas du centre et de l&rsquo;est du pays, a indiqu\u00e9 l&rsquo;Office national de la m\u00e9t\u00e9orologie dans un bulletin m\u00e9t\u00e9orologique sp\u00e9cial (BMS).<\/p>\n<p>Les wilayas concern\u00e9es sont Tizi Ouzou, Boumerd\u00e8s, Bouira et Bordj Bou Arreridj, o\u00f9 les cumuls estim\u00e9s devraient atteindre ou d\u00e9passer localement\u00a0 les 25 mm durant la p\u00e9riode de validit\u00e9 du bulletin pr\u00e9vue de samedi \u00e0\u00a015h00 au dimanche \u00e0 3h00, a pr\u00e9cis\u00e9 la m\u00eame source.<\/p>\n<p class=\"c10\"><strong>APS<\/strong><\/p>\n<\/div>\n<div id=\"text_core\" readability=\"45\">\n<p>De fr\u00e9quentes averses de pluie affecteront, \u00e0 partir de ce samedi apr\u00e8s-midi, plusieurs wilayas du centre et de l&rsquo;est du pays, a indiqu\u00e9 l&rsquo;Office national de la m\u00e9t\u00e9orologie dans un bulletin m\u00e9t\u00e9orologique sp\u00e9cial (BMS).<\/p>\n<p>Les wilayas concern\u00e9es sont Tizi Ouzou, Boumerd\u00e8s, Bouira et Bordj Bou Arreridj, o\u00f9 les cumuls estim\u00e9s devraient atteindre ou d\u00e9passer localement\u00a0 les 25 mm durant la p\u00e9riode de validit\u00e9 du bulletin pr\u00e9vue de samedi \u00e0\u00a015h00 au dimanche \u00e0 3h00, a pr\u00e9cis\u00e9 la m\u00eame source.<\/p>\n<p class=\"c10\"><strong>APS<\/strong><\/p>\n<\/div>\n<p>Auteur:<br \/>\n<a href=\"https:\/\/www.liberte-algerie.com\/actualite\/averses-de-pluie-sur-quatre-wilayas-du-centre-et-de-lest-du-pays-326743\">Cliquez ici pour lire l&rsquo;article depuis sa source.<\/a><\/p>\n","protected":false},"excerpt":{"rendered":"<p>De fr\u00e9quentes averses de pluie affecteront, \u00e0 partir de ce samedi apr\u00e8s-midi, plusieurs wilayas du centre et de l&rsquo;est du pays, a indiqu\u00e9 l&rsquo;Office national de la m\u00e9t\u00e9orologie dans un bulletin m\u00e9t\u00e9orologique sp\u00e9cial (BMS). Les wilayas concern\u00e9es sont Tizi Ouzou, Boumerd\u00e8s, Bouira et Bordj Bou Arreridj, o\u00f9 les cumuls estim\u00e9s devraient atteindre ou d\u00e9passer localement\u00a0 [&hellip;]<\/p>\n","protected":false},"author":1742,"featured_media":0,"comment_status":"closed","ping_status":"closed","sticky":false,"template":"","format":"standard","meta":{"fifu_image_url":"","fifu_image_alt":"","footnotes":""},"categories":[73,53],"tags":[],"class_list":["post-65592","post","type-post","status-publish","format-standard","hentry","category-actualite","category-algerie"],"_links":{"self":[{"href":"https:\/\/linitiative.ca\/International\/wp-json\/wp\/v2\/posts\/65592","targetHints":{"allow":["GET"]}}],"collection":[{"href":"https:\/\/linitiative.ca\/International\/wp-json\/wp\/v2\/posts"}],"about":[{"href":"https:\/\/linitiative.ca\/International\/wp-json\/wp\/v2\/types\/post"}],"author":[{"embeddable":true,"href":"https:\/\/linitiative.ca\/International\/wp-json\/wp\/v2\/users\/1742"}],"replies":[{"embeddable":true,"href":"https:\/\/linitiative.ca\/International\/wp-json\/wp\/v2\/comments?post=65592"}],"version-history":[{"count":0,"href":"https:\/\/linitiative.ca\/International\/wp-json\/wp\/v2\/posts\/65592\/revisions"}],"wp:attachment":[{"href":"https:\/\/linitiative.ca\/International\/wp-json\/wp\/v2\/media?parent=65592"}],"wp:term":[{"taxonomy":"category","embeddable":true,"href":"https:\/\/linitiative.ca\/International\/wp-json\/wp\/v2\/categories?post=65592"},{"taxonomy":"post_tag","embeddable":true,"href":"https:\/\/linitiative.ca\/International\/wp-json\/wp\/v2\/tags?post=65592"}],"curies":[{"name":"wp","href":"https:\/\/api.w.org\/{rel}","templated":true}]}}