{"id":65593,"date":"2019-10-26T10:56:00","date_gmt":"2019-10-26T14:56:00","guid":{"rendered":"https:\/\/linitiative.ca\/International\/at-annonce-deventuelles-perturbations-jusqua-vendredi-prochain\/"},"modified":"2019-10-26T10:56:00","modified_gmt":"2019-10-26T14:56:00","slug":"at-annonce-deventuelles-perturbations-jusqua-vendredi-prochain","status":"publish","type":"post","link":"https:\/\/linitiative.ca\/International\/at-annonce-deventuelles-perturbations-jusqua-vendredi-prochain\/","title":{"rendered":"AT annonce \u00ab\u00a0d\u2019\u00e9ventuelles perturbations\u00a0\u00bb jusqu\u2019\u00e0 vendredi prochain"},"content":{"rendered":"<div id=\"originalText\" readability=\"42\">\n<p>Des travaux relatifs au basculement du r\u00e9seau de flux international sont programm\u00e9s durant la p\u00e9riode allant du samedi au vendredi prochain, a indiqu\u00e9 samedi un communiqu\u00e9 d&rsquo;Alg\u00e9rie T\u00e9l\u00e9com (AT), r\u00e9percut\u00e9 par l\u2019APS, ajoutant que \u00ab\u00a0quelques perturbations\u00a0\u00bb sur le r\u00e9seau internet risquent \u00ab\u00a0d\u2019\u00eatre ressenties\u00a0\u00bb durant la nuit.<\/p>\n<p>Alg\u00e9rie T\u00e9l\u00e9com pr\u00e9cise cependant que les liaisons sp\u00e9cialis\u00e9es ne sont pas\u00a0 concern\u00e9es par cette maintenance, ajoute la m\u00eame source.<\/p>\n<p class=\"c10\"><strong>R\u00e9daction Web<\/strong><\/p>\n<\/div>\n<div id=\"text_core\" readability=\"42\">\n<p>Des travaux relatifs au basculement du r\u00e9seau de flux international sont programm\u00e9s durant la p\u00e9riode allant du samedi au vendredi prochain, a indiqu\u00e9 samedi un communiqu\u00e9 d&rsquo;Alg\u00e9rie T\u00e9l\u00e9com (AT), r\u00e9percut\u00e9 par l\u2019APS, ajoutant que \u00ab\u00a0quelques perturbations\u00a0\u00bb sur le r\u00e9seau internet risquent \u00ab\u00a0d\u2019\u00eatre ressenties\u00a0\u00bb durant la nuit.<\/p>\n<p>Alg\u00e9rie T\u00e9l\u00e9com pr\u00e9cise cependant que les liaisons sp\u00e9cialis\u00e9es ne sont pas\u00a0 concern\u00e9es par cette maintenance, ajoute la m\u00eame source.<\/p>\n<p class=\"c10\"><strong>R\u00e9daction Web<\/strong><\/p>\n<\/div>\n<p>Auteur:<br \/>\n<a href=\"https:\/\/www.liberte-algerie.com\/actualite\/at-annonce-deventuelles-perturbations-jusqua-vendredi-prochain-326745\">Cliquez ici pour lire l&rsquo;article depuis sa source.<\/a><\/p>\n","protected":false},"excerpt":{"rendered":"<p>Des travaux relatifs au basculement du r\u00e9seau de flux international sont programm\u00e9s durant la p\u00e9riode allant du samedi au vendredi prochain, a indiqu\u00e9 samedi un communiqu\u00e9 d&rsquo;Alg\u00e9rie T\u00e9l\u00e9com (AT), r\u00e9percut\u00e9 par l\u2019APS, ajoutant que \u00ab\u00a0quelques perturbations\u00a0\u00bb sur le r\u00e9seau internet risquent \u00ab\u00a0d\u2019\u00eatre ressenties\u00a0\u00bb durant la nuit. Alg\u00e9rie T\u00e9l\u00e9com pr\u00e9cise cependant que les liaisons sp\u00e9cialis\u00e9es ne [&hellip;]<\/p>\n","protected":false},"author":1742,"featured_media":0,"comment_status":"closed","ping_status":"closed","sticky":false,"template":"","format":"standard","meta":{"fifu_image_url":"","fifu_image_alt":"","footnotes":""},"categories":[73,53],"tags":[],"class_list":["post-65593","post","type-post","status-publish","format-standard","hentry","category-actualite","category-algerie"],"_links":{"self":[{"href":"https:\/\/linitiative.ca\/International\/wp-json\/wp\/v2\/posts\/65593","targetHints":{"allow":["GET"]}}],"collection":[{"href":"https:\/\/linitiative.ca\/International\/wp-json\/wp\/v2\/posts"}],"about":[{"href":"https:\/\/linitiative.ca\/International\/wp-json\/wp\/v2\/types\/post"}],"author":[{"embeddable":true,"href":"https:\/\/linitiative.ca\/International\/wp-json\/wp\/v2\/users\/1742"}],"replies":[{"embeddable":true,"href":"https:\/\/linitiative.ca\/International\/wp-json\/wp\/v2\/comments?post=65593"}],"version-history":[{"count":0,"href":"https:\/\/linitiative.ca\/International\/wp-json\/wp\/v2\/posts\/65593\/revisions"}],"wp:attachment":[{"href":"https:\/\/linitiative.ca\/International\/wp-json\/wp\/v2\/media?parent=65593"}],"wp:term":[{"taxonomy":"category","embeddable":true,"href":"https:\/\/linitiative.ca\/International\/wp-json\/wp\/v2\/categories?post=65593"},{"taxonomy":"post_tag","embeddable":true,"href":"https:\/\/linitiative.ca\/International\/wp-json\/wp\/v2\/tags?post=65593"}],"curies":[{"name":"wp","href":"https:\/\/api.w.org\/{rel}","templated":true}]}}