{"id":65598,"date":"2019-10-26T05:08:57","date_gmt":"2019-10-26T09:08:57","guid":{"rendered":"https:\/\/linitiative.ca\/International\/djelfa-large-campagne-de-volontariat-pour-le-reboisement-de-labsinthe\/"},"modified":"2019-10-26T05:08:57","modified_gmt":"2019-10-26T09:08:57","slug":"djelfa-large-campagne-de-volontariat-pour-le-reboisement-de-labsinthe","status":"publish","type":"post","link":"https:\/\/linitiative.ca\/International\/djelfa-large-campagne-de-volontariat-pour-le-reboisement-de-labsinthe\/","title":{"rendered":"Djelfa: large campagne de volontariat pour le reboisement de l&rsquo;absinthe"},"content":{"rendered":"<p><span class=\"sp-nh-title\">Pr\u00e9sidentielle : Abbas Djamel d\u00e9pose son dossier de candidature au si\u00e8ge de l&rsquo;ANIE<\/span> &#8211; <span class=\"sp-nh-date\">samedi 26 octobre 2019 18:51<\/span><\/p>\n<p><span class=\"sp-nh-title\">El Bayadh: coup d&rsquo;envoi des premi\u00e8res journ\u00e9es nationales du th\u00e9\u00e2tre engag\u00e9<\/span> &#8211; <span class=\"sp-nh-date\">samedi 26 octobre 2019 18:21<\/span><\/p>\n<p><span class=\"sp-nh-title\">Noyade projet\u00e9 en ouverture des Journ\u00e9es d\u2019Annaba du court-m\u00e9trage<\/span> &#8211; <span class=\"sp-nh-date\">samedi 26 octobre 2019 18:19<\/span><\/p>\n<p><span class=\"sp-nh-title\">Des\u00a0parlementaires su\u00e9dois visitent les camps de r\u00e9fugi\u00e9s sahraouis et les territoires lib\u00e9r\u00e9s<\/span> &#8211; <span class=\"sp-nh-date\">samedi 26 octobre 2019 18:11<\/span><\/p>\n<p><span class=\"sp-nh-title\">Pr\u00e9sidentielle : Benflis d\u00e9pose son dossier de candidature au si\u00e8ge de l&rsquo;ANIE<\/span> &#8211; <span class=\"sp-nh-date\">samedi 26 octobre 2019 17:57<\/span><\/p>\n<p><span class=\"sp-nh-title\">Challenge de p\u00e9tanque: la triplette de l&rsquo;a\u00e9roport d\u2019Alger vainqueur de la 3e \u00e9tape<\/span> &#8211; <span class=\"sp-nh-date\">samedi 26 octobre 2019 17:50<\/span><\/p>\n<p><span class=\"sp-nh-title\">Le d\u00e9funt Ali Fodil inhum\u00e9 \u00e0 Bir Ghbalou<\/span> &#8211; <span class=\"sp-nh-date\">samedi 26 octobre 2019 17:40<\/span><\/p>\n<p><span class=\"sp-nh-title\">Valoriser le patrimoine mat\u00e9riel et immat\u00e9riel du sud pour un d\u00e9veloppement durable<\/span> &#8211; <span class=\"sp-nh-date\">samedi 26 octobre 2019 17:26<\/span><\/p>\n<p><span class=\"sp-nh-title\">Alger: Une op\u00e9ration de reboisement lanc\u00e9e par l&rsquo;ANBT au niveau du barrage de Douira<\/span> &#8211; <span class=\"sp-nh-date\">samedi 26 octobre 2019 17:14<\/span><\/p>\n<p><span class=\"sp-nh-title\">Hop\u00eetaux: associer les sp\u00e9cialistes au cahier des charges pour l&rsquo;acquisition de m\u00e9dicaments<\/span> &#8211; <span class=\"sp-nh-date\">samedi 26 octobre 2019 17:13<\/span><\/p>\n<p><span class=\"sp-nh-title\">Jeunesse et sports\u00a0: manque d&rsquo;encadrement au niveau des Maisons de jeunes<\/span> &#8211; <span class=\"sp-nh-date\">samedi 26 octobre 2019 17:06<\/span><\/p>\n<p><span class=\"sp-nh-title\">Le Front national pour la justice sociale\u00a0: une pr\u00e9sidentielle transparente et int\u00e8gre<\/span> &#8211; <span class=\"sp-nh-date\">samedi 26 octobre 2019 17:03<\/span><\/p>\n<p><span class=\"sp-nh-title\">Internet: basculement du r\u00e9seau du flux international, risque \u00e9ventuel de perturbation<\/span> &#8211; <span class=\"sp-nh-date\">samedi 26 octobre 2019 16:26<\/span><\/p>\n<p><span class=\"sp-nh-title\">Collecte des d\u00e9chets marins: journ\u00e9e de sensibilisation au niveau des plages et du port d&rsquo;A\u00efn Benian<\/span> &#8211; <span class=\"sp-nh-date\">samedi 26 octobre 2019 15:55<\/span><\/p>\n<p><span class=\"sp-nh-title\">Abderrezak Habirat d\u00e9pose son dossier de candidature au si\u00e8ge de l&rsquo;ANIE<\/span> &#8211; <span class=\"sp-nh-date\">samedi 26 octobre 2019 15:49<\/span><\/p>\n<p><span class=\"sp-nh-title\">Reddition d&rsquo;un terroriste \u00e0 Tamanrasset<\/span> &#8211; <span class=\"sp-nh-date\">samedi 26 octobre 2019 15:43<\/span><\/p>\n<p><span class=\"sp-nh-title\">Rabehi: l&rsquo;Alg\u00e9rie \u0153uvre activement \u00e0 la promotion des droits de l&rsquo;Homme<\/span> &#8211; <span class=\"sp-nh-date\">samedi 26 octobre 2019 15:40<\/span><\/p>\n<p><span class=\"sp-nh-title\">Le ministre de la Justice adresse ses condol\u00e9ances \u00e0 la famille du d\u00e9funt Ali Fodil<\/span> &#8211; <span class=\"sp-nh-date\">samedi 26 octobre 2019 15:38<\/span><\/p>\n<p><span class=\"sp-nh-title\">Bensalah regagne Alger apr\u00e8s avoir particip\u00e9 aux sommets de Sotchi et Bakou<\/span> &#8211; <span class=\"sp-nh-date\">samedi 26 octobre 2019 15:32<\/span><\/p>\n<p><span class=\"sp-nh-title\">Presse: parachever la mise en place des organes pr\u00e9vus par la loi de l\u2019information 2012<\/span> &#8211; <span class=\"sp-nh-date\">samedi 26 octobre 2019 15:08<\/span><\/p>\n<p>Auteur:<br \/>\n<a href=\"http:\/\/www.aps.dz\/regions\/96318-djelfa-large-campagne-de-volontariat-pour-le-reboisement-de-l-absinthe\">Cliquez ici pour lire l&rsquo;article depuis sa source.<\/a><\/p>\n","protected":false},"excerpt":{"rendered":"<p>Pr\u00e9sidentielle : Abbas Djamel d\u00e9pose son dossier de candidature au si\u00e8ge de l&rsquo;ANIE &#8211; samedi 26 octobre 2019 18:51 El Bayadh: coup d&rsquo;envoi des premi\u00e8res journ\u00e9es nationales du th\u00e9\u00e2tre engag\u00e9 &#8211; samedi 26 octobre 2019 18:21 Noyade projet\u00e9 en ouverture des Journ\u00e9es d\u2019Annaba du court-m\u00e9trage &#8211; samedi 26 octobre 2019 18:19 Des\u00a0parlementaires su\u00e9dois visitent les [&hellip;]<\/p>\n","protected":false},"author":1790,"featured_media":0,"comment_status":"closed","ping_status":"closed","sticky":false,"template":"","format":"standard","meta":{"fifu_image_url":"","fifu_image_alt":"","footnotes":""},"categories":[53,76],"tags":[],"class_list":["post-65598","post","type-post","status-publish","format-standard","hentry","category-algerie","category-regions"],"_links":{"self":[{"href":"https:\/\/linitiative.ca\/International\/wp-json\/wp\/v2\/posts\/65598","targetHints":{"allow":["GET"]}}],"collection":[{"href":"https:\/\/linitiative.ca\/International\/wp-json\/wp\/v2\/posts"}],"about":[{"href":"https:\/\/linitiative.ca\/International\/wp-json\/wp\/v2\/types\/post"}],"author":[{"embeddable":true,"href":"https:\/\/linitiative.ca\/International\/wp-json\/wp\/v2\/users\/1790"}],"replies":[{"embeddable":true,"href":"https:\/\/linitiative.ca\/International\/wp-json\/wp\/v2\/comments?post=65598"}],"version-history":[{"count":0,"href":"https:\/\/linitiative.ca\/International\/wp-json\/wp\/v2\/posts\/65598\/revisions"}],"wp:attachment":[{"href":"https:\/\/linitiative.ca\/International\/wp-json\/wp\/v2\/media?parent=65598"}],"wp:term":[{"taxonomy":"category","embeddable":true,"href":"https:\/\/linitiative.ca\/International\/wp-json\/wp\/v2\/categories?post=65598"},{"taxonomy":"post_tag","embeddable":true,"href":"https:\/\/linitiative.ca\/International\/wp-json\/wp\/v2\/tags?post=65598"}],"curies":[{"name":"wp","href":"https:\/\/api.w.org\/{rel}","templated":true}]}}