{"id":65599,"date":"2019-10-26T10:55:42","date_gmt":"2019-10-26T14:55:42","guid":{"rendered":"https:\/\/linitiative.ca\/International\/collecte-des-dechets-marins-journee-de-sensibilisation-au-niveau-des-plages-et-du-port-dain-benian\/"},"modified":"2019-10-26T10:55:42","modified_gmt":"2019-10-26T14:55:42","slug":"collecte-des-dechets-marins-journee-de-sensibilisation-au-niveau-des-plages-et-du-port-dain-benian","status":"publish","type":"post","link":"https:\/\/linitiative.ca\/International\/collecte-des-dechets-marins-journee-de-sensibilisation-au-niveau-des-plages-et-du-port-dain-benian\/","title":{"rendered":"Collecte des d\u00e9chets marins: journ\u00e9e de sensibilisation au niveau des plages et du port d&rsquo;A\u00efn Benian"},"content":{"rendered":"<div readability=\"37\">\n<p><strong>ALGER- Une journ\u00e9e de sensibilisation aux effets n\u00e9fastes du jet des d\u00e9chets sur les c\u00f4tes a \u00e9t\u00e9 organis\u00e9e, samedi, \u00e0 l&rsquo;initiative de la Direction de la p\u00eache et de l&rsquo;aquaculture de la wilaya d&rsquo;Alger, en coordination avec les services communaux d&rsquo;A\u00efn Benin (16 km \u00e0 l&rsquo;ouest d&rsquo;Alger).<\/strong><\/p>\n<\/div>\n<div readability=\"87.5\">\n<p>L&rsquo;op\u00e9ration de sensibilisation doubl\u00e9e d&rsquo;une campagne de collecte et de r\u00e9cup\u00e9ration des d\u00e9chets marins \u00e0 travers les plages de la commune et le port de plaisance d&rsquo;El Djamila (ex-La Madrague), a cibl\u00e9 en particulier les \u00e9l\u00e8ves et les professionnels du secteur, dont les p\u00eacheurs travaillant au port, a d\u00e9clar\u00e9 \u00e0 l&rsquo;APS, la directrice du secteur, Mme Rabea Zerouk, ajoutant que le but est de permettre au citoyen de prendre conscience de la gravit\u00e9 de ce ph\u00e9nom\u00e8ne qui menace d\u00e9sormais le littoral alg\u00e9rois, en mesurant son impact n\u00e9gatif sur les ressources marines locales.<\/p>\n<blockquote readability=\"11\">\n<p><em><strong>Il est temps de tirer la sonnette d&rsquo;alarme et d&rsquo;intensifier les campagnes de sensibilisation en milieu scolaire afin de palier cette situation et garantir aux g\u00e9n\u00e9rations montantes un environnement plus sain, a-t-elle estim\u00e9, ajoutant que la campagne de sensibilisation sera soutenue par une campagne de boisement au niveau des ports d&rsquo;Alger, lanc\u00e9e \u00e0 l&rsquo;occasion de la journ\u00e9e nationale de l&rsquo;arbre.<\/strong><\/em><\/p>\n<\/blockquote>\n<p>L&rsquo;op\u00e9ration de boisement se poursuivra \u00e0 travers les ports de Tamentfoust, El Marsa, le port d&rsquo;Alger et Ra\u00efs Hamidou, et ce en coordination avec les services de la conservation des for\u00eats de la wilaya d&rsquo;Alger \u00e0 l&rsquo;occasion des festivit\u00e9s comm\u00e9morant le 65e anniversaire du d\u00e9clenchement de la Glorieuse R\u00e9volution du 1e novembre 1954.<\/p>\n<p>Pour sa part, M. Dahmane Zinedine responsable au port d&rsquo;El Djamila relevant de l&rsquo;Entreprise de gestion des ports et abris de p\u00eache d&rsquo;Alger (EGPP) a indiqu\u00e9 que la collecte de d\u00e9chets au niveau de cette structure se fait de fa\u00e7on r\u00e9guli\u00e8re, avec des niveaux maximum en \u00e9t\u00e9 avec l&rsquo;afflux des visiteurs.<\/p>\n<p>Au niveau du port, huit camions assurent la collecte des ordures tous les 20 jours durant les vacances et en p\u00e9riode estivale.<\/p>\n<p>Dans une d\u00e9claration \u00e0 l&rsquo;APS, Lyes Bouali, vice-pr\u00e9sident du Club de plong\u00e9e sous-marine \u00ab\u00a0El Mordjane\u00a0\u00bb a salu\u00e9 cette initiative, \u00e0 laquelle ont pris part une trentaine de plongeurs et b\u00e9n\u00e9voles du club, soulignant que la pollution au niveau du littoral alg\u00e9rois \u00ab\u00a0est pr\u00e9occupante et exige la conjugaison des efforts de tous\u00a0\u00bb pour y rem\u00e9dier.<\/p>\n<blockquote readability=\"12\">\n<p><em><strong>D\u00e9plorant le constat fait par les plongeurs du Club lors de sorties d&rsquo;entrainement, de formation ou de plaisance au sujet des d\u00e9chets, notamment plastiques, il a plaid\u00e9 pour l&rsquo;intensification des campagnes de collecte des d\u00e9chets maritimes et \u00ab\u00a0le renforcement des campagnes de sensibilisation contre toutes formes de jet des ordures, qui finissent par polluer le littoral\u00a0\u00bb.<\/strong><\/em><\/p>\n<\/blockquote>\n<p>Lors de cette journ\u00e9e de sensibilisation, \u00e0 laquelle ont pris part les Scouts musulmans alg\u00e9riens ainsi que des entreprises publiques de wilayas, des affiches et des d\u00e9pliants comportant des conseils et des orientations sur la pr\u00e9servation de l&rsquo;environnement ont \u00e9t\u00e9 distribu\u00e9s aux familles.<\/p>\n<p>Des sp\u00e9cialistes des services de la direction de la p\u00eache ont pr\u00e9sent\u00e9 des explications sur les dangers des ordures sur\u00a0 l&rsquo;environnement.<\/p>\n<\/div>\n<p>Auteur:<br \/>\n<a href=\"http:\/\/www.aps.dz\/regions\/96356-collecte-des-dechets-marins-journee-de-sensibilisation-au-niveau-des-plages-et-du-port-d-ain-benian\">Cliquez ici pour lire l&rsquo;article depuis sa source.<\/a><\/p>\n","protected":false},"excerpt":{"rendered":"<p>ALGER- Une journ\u00e9e de sensibilisation aux effets n\u00e9fastes du jet des d\u00e9chets sur les c\u00f4tes a \u00e9t\u00e9 organis\u00e9e, samedi, \u00e0 l&rsquo;initiative de la Direction de la p\u00eache et de l&rsquo;aquaculture de la wilaya d&rsquo;Alger, en coordination avec les services communaux d&rsquo;A\u00efn Benin (16 km \u00e0 l&rsquo;ouest d&rsquo;Alger). L&rsquo;op\u00e9ration de sensibilisation doubl\u00e9e d&rsquo;une campagne de collecte [&hellip;]<\/p>\n","protected":false},"author":1790,"featured_media":0,"comment_status":"closed","ping_status":"closed","sticky":false,"template":"","format":"standard","meta":{"fifu_image_url":"","fifu_image_alt":"","footnotes":""},"categories":[53,76],"tags":[],"class_list":["post-65599","post","type-post","status-publish","format-standard","hentry","category-algerie","category-regions"],"_links":{"self":[{"href":"https:\/\/linitiative.ca\/International\/wp-json\/wp\/v2\/posts\/65599","targetHints":{"allow":["GET"]}}],"collection":[{"href":"https:\/\/linitiative.ca\/International\/wp-json\/wp\/v2\/posts"}],"about":[{"href":"https:\/\/linitiative.ca\/International\/wp-json\/wp\/v2\/types\/post"}],"author":[{"embeddable":true,"href":"https:\/\/linitiative.ca\/International\/wp-json\/wp\/v2\/users\/1790"}],"replies":[{"embeddable":true,"href":"https:\/\/linitiative.ca\/International\/wp-json\/wp\/v2\/comments?post=65599"}],"version-history":[{"count":0,"href":"https:\/\/linitiative.ca\/International\/wp-json\/wp\/v2\/posts\/65599\/revisions"}],"wp:attachment":[{"href":"https:\/\/linitiative.ca\/International\/wp-json\/wp\/v2\/media?parent=65599"}],"wp:term":[{"taxonomy":"category","embeddable":true,"href":"https:\/\/linitiative.ca\/International\/wp-json\/wp\/v2\/categories?post=65599"},{"taxonomy":"post_tag","embeddable":true,"href":"https:\/\/linitiative.ca\/International\/wp-json\/wp\/v2\/tags?post=65599"}],"curies":[{"name":"wp","href":"https:\/\/api.w.org\/{rel}","templated":true}]}}