{"id":65600,"date":"2019-10-26T06:58:55","date_gmt":"2019-10-26T10:58:55","guid":{"rendered":"https:\/\/linitiative.ca\/International\/coup-denvoi-du-2e-festival-de-la-poesie-marocaine\/"},"modified":"2019-10-26T06:58:55","modified_gmt":"2019-10-26T10:58:55","slug":"coup-denvoi-du-2e-festival-de-la-poesie-marocaine","status":"publish","type":"post","link":"https:\/\/linitiative.ca\/International\/coup-denvoi-du-2e-festival-de-la-poesie-marocaine\/","title":{"rendered":"Coup d\u2019envoi du 2\u00e8 Festival de la po\u00e9sie marocaine"},"content":{"rendered":"<div readability=\"42\">\n<p>Marrakech \u2013 Le coup d\u2019envoi a \u00e9t\u00e9 donn\u00e9 vendredi soir, \u00e0 Marrakech, \u00e0 la 2\u00e8 \u00e9dition du Festival de la po\u00e9sie marocaine en pr\u00e9sence du ministre de la Culture, de la jeunesse et du sport, Hassan Abyaba et du pr\u00e9sident du Cercle de la Culture du gouvernement de Sharjah (Emirats Arabes Unis), Abdallah Al Aouis, ainsi qu\u2019une pl\u00e9iade d\u2019intellectuels, de po\u00e8tes et d\u2019artistes.<\/p>\n<\/div>\n<div readability=\"96\">\n<p>La c\u00e9r\u00e9monie d\u2019ouverture de cette \u00e9dition a \u00e9t\u00e9 marqu\u00e9e par des hommages rendus \u00e0 des figures de proue de la sc\u00e8ne culturelle, artistique et m\u00e9diatique marocaine et arabe.<\/p>\n<p>Il s\u2019agit de la po\u00e9tesse et \u00e9crivaine prolifique, Malika Assimi, le po\u00e8te hassani Baba Mohamed Salem, l\u2019ic\u00f4ne de la sc\u00e8ne m\u00e9diatique, Fatima Touati, qui a grandement contribu\u00e9 \u00e0 la cr\u00e9ation de ce festival ainsi que la l\u00e9gende de la chanson arabe et musicien hors pair, Marcel Khalifa.<\/p>\n<p>Au programme de cette soir\u00e9e des lectures po\u00e9tiques donn\u00e9es par les po\u00e8tes Touria Majdouline et Hamid Chamsadi et des compositions musicales de l\u2019artiste et violoniste Ami Ali.<\/p>\n<p>Lors de cette soir\u00e9e, il a \u00e9t\u00e9 proc\u00e9d\u00e9 \u00e0 l\u2019annonce des laur\u00e9ats des concours de \u00ab\u00a0la critique po\u00e9tique\u00a0\u00bb et du \u00ab\u00a0meilleur po\u00e8me\u00a0\u00bb r\u00e9serv\u00e9s aux jeunes po\u00e8tes.<\/p>\n<p>Dans la cat\u00e9gorie \u00ab\u00a0la critique po\u00e9tique\u00a0\u00bb, le premier prix a \u00e9t\u00e9 attribu\u00e9 au chercheur Mohamed Mohyieddine pour une recherche sur la po\u00e9tique du soufisme.<\/p>\n<p>S\u2019agissant de la cat\u00e9gorie du \u00ab\u00a0meilleur po\u00e8me\u00a0\u00bb r\u00e9serv\u00e9s aux jeunes po\u00e8tes, le premier prix est revenu au jeune po\u00e8te Abou Bakr Militi, alors que les 2\u00e8 et 3\u00e8 prix ont \u00e9t\u00e9 attribu\u00e9s respectivement \u00e0 Abdelhak Wifak et Karim Ait Lhaj.<\/p>\n<p>Cette c\u00e9r\u00e9monie d\u2019ouverture a \u00e9t\u00e9 aussi marqu\u00e9e par la projection d\u2019un documentaire sur la Maison de la po\u00e9sie de Marrakech, cr\u00e9\u00e9e en\u00a0vertu d\u2019un m\u00e9morandum d\u2019entente sign\u00e9 entre le minist\u00e8re de la Culture et le D\u00e9partement de la culture et de la communication au gouvernement de Sharjah aux Emirats arabes unis.<\/p>\n<p>Plac\u00e9e sous le Haut Patronage de SM le Roi Mohammed VI et initi\u00e9e par la Maison de la Po\u00e9sie de Marrakech, en partenariat avec le minist\u00e8re de la Culture, de la jeunesse et du sport et le Cercle de la Culture du gouvernement de Sharjah,\u00a0la deuxi\u00e8me \u00e9dition du Festival de la po\u00e9sie marocaine comporte une s\u00e9rie d\u2019activit\u00e9s culturelles et artistiques aussi riches que vari\u00e9es.<\/p>\n<p>Cette manifestation culturelle, qui se poursuit jusqu\u2019au 27 octobre,\u00a0intervient en cons\u00e9cration des relations de coop\u00e9ration existant entre le minist\u00e8re de la Culture, de la Jeunesse et des Sports, et le Cercle de la Culture du gouvernement de Sharjah.<\/p>\n<p>Cet \u00e9v\u00e9nement, qui se veut une c\u00e9l\u00e9bration de la cr\u00e9ativit\u00e9 po\u00e9tique marocaine, marque ainsi l\u2019ouverture de la troisi\u00e8me saison culturelle de la Maison de la Po\u00e9sie de Marrakech.<\/p>\n<p>Le programme comporte aussi le forum du festival autour du th\u00e8me \u00ab\u00a0La po\u00e9sie et les interrogations de perception\u00a0\u00bb, avec la participation de plusieurs critiques, ainsi qu\u2019une exposition de l\u2019artiste et photographe Ahmed Ben Sma\u00efl, intitul\u00e9e \u00ab\u00a0Portraits: M\u00e9moire des po\u00e8tes marocains\u00a0\u00bb.<\/p>\n<\/div>\n<p>Auteur: Meriem IGASS<br \/>\n<a href=\"http:\/\/www.mapmarrakech.ma\/fr\/poesie\/\">Cliquez ici pour lire l&rsquo;article depuis sa source.<\/a><\/p>\n","protected":false},"excerpt":{"rendered":"<p>Marrakech \u2013 Le coup d\u2019envoi a \u00e9t\u00e9 donn\u00e9 vendredi soir, \u00e0 Marrakech, \u00e0 la 2\u00e8 \u00e9dition du Festival de la po\u00e9sie marocaine en pr\u00e9sence du ministre de la Culture, de la jeunesse et du sport, Hassan Abyaba et du pr\u00e9sident du Cercle de la Culture du gouvernement de Sharjah (Emirats Arabes Unis), Abdallah Al Aouis, [&hellip;]<\/p>\n","protected":false},"author":1788,"featured_media":0,"comment_status":"closed","ping_status":"closed","sticky":false,"template":"","format":"standard","meta":{"fifu_image_url":"","fifu_image_alt":"","footnotes":""},"categories":[54,76],"tags":[],"class_list":["post-65600","post","type-post","status-publish","format-standard","hentry","category-maroc","category-regions"],"_links":{"self":[{"href":"https:\/\/linitiative.ca\/International\/wp-json\/wp\/v2\/posts\/65600","targetHints":{"allow":["GET"]}}],"collection":[{"href":"https:\/\/linitiative.ca\/International\/wp-json\/wp\/v2\/posts"}],"about":[{"href":"https:\/\/linitiative.ca\/International\/wp-json\/wp\/v2\/types\/post"}],"author":[{"embeddable":true,"href":"https:\/\/linitiative.ca\/International\/wp-json\/wp\/v2\/users\/1788"}],"replies":[{"embeddable":true,"href":"https:\/\/linitiative.ca\/International\/wp-json\/wp\/v2\/comments?post=65600"}],"version-history":[{"count":0,"href":"https:\/\/linitiative.ca\/International\/wp-json\/wp\/v2\/posts\/65600\/revisions"}],"wp:attachment":[{"href":"https:\/\/linitiative.ca\/International\/wp-json\/wp\/v2\/media?parent=65600"}],"wp:term":[{"taxonomy":"category","embeddable":true,"href":"https:\/\/linitiative.ca\/International\/wp-json\/wp\/v2\/categories?post=65600"},{"taxonomy":"post_tag","embeddable":true,"href":"https:\/\/linitiative.ca\/International\/wp-json\/wp\/v2\/tags?post=65600"}],"curies":[{"name":"wp","href":"https:\/\/api.w.org\/{rel}","templated":true}]}}