{"id":65601,"date":"2019-10-26T07:05:37","date_gmt":"2019-10-26T11:05:37","guid":{"rendered":"https:\/\/linitiative.ca\/International\/aeroport-hausse-de-plus-de-24-du-trafic-a-fin-septembre\/"},"modified":"2019-10-26T07:05:37","modified_gmt":"2019-10-26T11:05:37","slug":"aeroport-hausse-de-plus-de-24-du-trafic-a-fin-septembre","status":"publish","type":"post","link":"https:\/\/linitiative.ca\/International\/aeroport-hausse-de-plus-de-24-du-trafic-a-fin-septembre\/","title":{"rendered":"A\u00e9roport: Hausse de plus de 24% du trafic \u00e0 fin septembre"},"content":{"rendered":"<div class=\"single-featured\"><img alt=\"\" data-src=\"http:\/\/www.mapmarrakech.ma\/map\/uploads\/2019\/10\/Aeroport-Marrakech-Menara.jpg\"\/><\/div>\n<div class=\"single-post-excerpt post-excerpt-bc\" readability=\"36\">\n<p>Marrakech \u2013 Le nombre des passagers ayant transit\u00e9 par l\u2019a\u00e9roport international de Marrakech-Menara a enregistr\u00e9 une nette hausse de 24,66% durant les neuf premiers mois de l\u2019ann\u00e9e 2019, selon les chiffres de l\u2019Office National des A\u00e9roports (ONDA).<\/p>\n<\/div>\n<div class=\"entry-content clearfix single-post-content\" readability=\"59\">\n<p>Ainsi, l\u2019a\u00e9roport de la cit\u00e9 ocre a accueilli un total de 4.702.320 passagers \u00e0 fin septembre de l\u2019ann\u00e9e en cours, contre 3.772.017 voyageurs durant la p\u00e9riode janvier-septembre 2018, a pr\u00e9cis\u00e9 l\u2019ONDA.<\/p>\n<p>Gr\u00e2ce \u00e0 cette performance, cette infrastructure a\u00e9roportuaire a vu sa part du trafic a\u00e9rien commercial \u00e0 l\u2019\u00e9chelle nationale s\u2019\u00e9tablir \u00e0 24,92% durant les neuf premiers mois de 2019, derri\u00e8re l\u2019a\u00e9roport international Mohammed V de Casablanca (41,52%), a fait savoir l\u2019Office.<\/p>\n<p>A noter que le nombre des passagers dans les a\u00e9roports au Maroc a enregistr\u00e9 une hausse annuelle de 11,99% au cours des neuf premiers mois de 2019.<\/p>\n<p>Au total, 18.869.118 voyageurs ont, ainsi, transit\u00e9 par les diff\u00e9rentes structures a\u00e9roportuaires nationales durant cette p\u00e9riode, contre 16.849.052 une ann\u00e9e auparavant, d\u2019apr\u00e8s les statistiques mensuelles rendues publiques par l\u2019ONDA.<\/p>\n<\/div>\n<p>Auteur: Meriem IGASS<br \/>\n<a href=\"http:\/\/www.mapmarrakech.ma\/fr\/aeroport-3\/\">Cliquez ici pour lire l&rsquo;article depuis sa source.<\/a><\/p>\n","protected":false},"excerpt":{"rendered":"<p>Marrakech \u2013 Le nombre des passagers ayant transit\u00e9 par l\u2019a\u00e9roport international de Marrakech-Menara a enregistr\u00e9 une nette hausse de 24,66% durant les neuf premiers mois de l\u2019ann\u00e9e 2019, selon les chiffres de l\u2019Office National des A\u00e9roports (ONDA). Ainsi, l\u2019a\u00e9roport de la cit\u00e9 ocre a accueilli un total de 4.702.320 passagers \u00e0 fin septembre de l\u2019ann\u00e9e [&hellip;]<\/p>\n","protected":false},"author":1788,"featured_media":65602,"comment_status":"closed","ping_status":"closed","sticky":false,"template":"","format":"standard","meta":{"fifu_image_url":"","fifu_image_alt":"","footnotes":""},"categories":[54,76],"tags":[],"class_list":["post-65601","post","type-post","status-publish","format-standard","has-post-thumbnail","hentry","category-maroc","category-regions"],"_links":{"self":[{"href":"https:\/\/linitiative.ca\/International\/wp-json\/wp\/v2\/posts\/65601","targetHints":{"allow":["GET"]}}],"collection":[{"href":"https:\/\/linitiative.ca\/International\/wp-json\/wp\/v2\/posts"}],"about":[{"href":"https:\/\/linitiative.ca\/International\/wp-json\/wp\/v2\/types\/post"}],"author":[{"embeddable":true,"href":"https:\/\/linitiative.ca\/International\/wp-json\/wp\/v2\/users\/1788"}],"replies":[{"embeddable":true,"href":"https:\/\/linitiative.ca\/International\/wp-json\/wp\/v2\/comments?post=65601"}],"version-history":[{"count":0,"href":"https:\/\/linitiative.ca\/International\/wp-json\/wp\/v2\/posts\/65601\/revisions"}],"wp:featuredmedia":[{"embeddable":true,"href":"https:\/\/linitiative.ca\/International\/wp-json\/"}],"wp:attachment":[{"href":"https:\/\/linitiative.ca\/International\/wp-json\/wp\/v2\/media?parent=65601"}],"wp:term":[{"taxonomy":"category","embeddable":true,"href":"https:\/\/linitiative.ca\/International\/wp-json\/wp\/v2\/categories?post=65601"},{"taxonomy":"post_tag","embeddable":true,"href":"https:\/\/linitiative.ca\/International\/wp-json\/wp\/v2\/tags?post=65601"}],"curies":[{"name":"wp","href":"https:\/\/api.w.org\/{rel}","templated":true}]}}