{"id":65603,"date":"2019-10-26T07:18:51","date_gmt":"2019-10-26T11:18:51","guid":{"rendered":"https:\/\/linitiative.ca\/International\/le-festival-une-celebration-de-la-creation-marocaine\/"},"modified":"2019-10-26T07:18:51","modified_gmt":"2019-10-26T11:18:51","slug":"le-festival-une-celebration-de-la-creation-marocaine","status":"publish","type":"post","link":"https:\/\/linitiative.ca\/International\/le-festival-une-celebration-de-la-creation-marocaine\/","title":{"rendered":"Le Festival, une c\u00e9l\u00e9bration de la cr\u00e9ation marocaine"},"content":{"rendered":"<div readability=\"44\">\n<p>Marrakech \u2013 Le Festival de la po\u00e9sie marocaine, qui souffle cette ann\u00e9e sa deuxi\u00e8me bougie, traduit la profondeur de la coop\u00e9ration fructueuse liant le minist\u00e8re de la Culture, de la jeunesse et du sport et le Cercle de la Culture du gouvernement de Sharjah aux Emirats Arabes Unis, a soulign\u00e9 vendredi soir, \u00e0 Marrakech, le ministre de la Culture, de la jeunesse et du sport, porte-parole du gouvernement, El Hassan Abyaba.<\/p>\n<\/div>\n<div readability=\"117\">\n<p>Intervenant \u00e0 la c\u00e9r\u00e9monie d\u2019ouverture de la 2\u00e8 \u00e9dition du Festival de la po\u00e9sie marocaine, M. Abyaba a mis en relief les efforts consentis par Son Altesse Sheikh Dr. Sultan bin Mohammed Al Qasimi, membre du Conseil supr\u00eame des Emirats arabes unis et gouverneur de Charjah, en vue de consolider les liens de coop\u00e9ration culturelle entre cet \u00e9mirat et le Royaume du Maroc.<\/p>\n<p>\u00ab\u00a0Ce festival constitue une \u00e9tape renouvel\u00e9e pour c\u00e9l\u00e9brer la cr\u00e9ation marocaine et la diversit\u00e9 de ses affluents, de m\u00eame qu\u2019il renforce les canaux de dialogue entre les po\u00e8tes, les artistes et les cr\u00e9ateurs qui se r\u00e9unissent pour f\u00eater ensemble les valeurs d\u2019amour, de paix et de fraternit\u00e9\u00a0\u00bb, a-t-il ajout\u00e9.<\/p>\n<p>Et de souligner que cette manifestation culturelle vise \u00e0 s\u2019ouvrir sur les exp\u00e9riences po\u00e9tiques marocaines pionni\u00e8res et traduit la diversit\u00e9 culturelle qui caract\u00e9rise le Royaume sous la conduite \u00e9clair\u00e9e de SM le Roi Mohammed VI.<\/p>\n<p>Ce festival refl\u00e8te aussi le r\u00f4le majeur que jouent d\u00e9sormais la Maison de la po\u00e9sie de Marrakech et celle de T\u00e9touan sur la sc\u00e8ne culturelle nationale, a-t-il indiqu\u00e9, relevant que cet \u00e9v\u00e9nement culturel vient enrichir la sc\u00e8ne culturelle marocaine aux c\u00f4t\u00e9s des multiples festivals et manifestations culturels et artistiques organis\u00e9s par le minist\u00e8re de la culture, de la jeunesse et du sport \u00e0 travers tout le territoire national.<\/p>\n<p>Ces manifestations culturelles, poursuit le ministre, visent \u00e0 faire de la culture et des Arts des \u00e9l\u00e9ments essentiels pour promouvoir le capital humain et b\u00e2tir une soci\u00e9t\u00e9 \u00e9quilibr\u00e9e et saine, en plus de leurs objectifs de d\u00e9veloppement socio\u00e9conomique.<\/p>\n<p>L\u2019organisation de ce festival \u00e0 Marrakech vient confirmer la position civilisationnelle et culturelle de cette cit\u00e9 connue pour son riche patrimoine mat\u00e9riel et immat\u00e9riel, qui lui a conf\u00e9r\u00e9 une place \u00e9minente en tant que lieu de rencontres et d\u2019interaction entre les diff\u00e9rentes cultures et civilisations, a-t-il dit.<\/p>\n<p>De son c\u00f4t\u00e9, le pr\u00e9sident du Cercle de la Culture du gouvernement de Sharjah (Emirats Arabes Unis), Abdallah Al Aouis, a mis en exergue les relations historiques unissant les Emirats arabes Unis et le Royaume, mettant en relief le r\u00f4le qu\u2019ont jou\u00e9 les Maisons de la po\u00e9sie dans le monde arabe et qui ont \u00e9t\u00e9 cr\u00e9\u00e9es sous l\u2019impulsion de Son Altesse Sheikh Dr. Sultan bin Mohammed Al Qasimi.<\/p>\n<p>Ces structures culturelles ont \u00e9t\u00e9 une r\u00e9ussite sur tous les plans puisqu\u2019elles ont permis de r\u00e9unir les po\u00e8tes, de d\u00e9couvrir des po\u00e8tes en herbe et de faire \u00e9merger un mouvement po\u00e9tique au monde arabe, a-t-il ajout\u00e9.<\/p>\n<p>Plac\u00e9e sous le Haut Patronage de SM le Roi Mohammed VI et initi\u00e9e par la Maison de la Po\u00e9sie de Marrakech, en partenariat avec le minist\u00e8re de la Culture, de la jeunesse et du sport et le Cercle de la Culture du gouvernement de Sharjah, la deuxi\u00e8me \u00e9dition du Festival de la po\u00e9sie marocaine comporte une s\u00e9rie d\u2019activit\u00e9s culturelles et artistiques aussi riches que vari\u00e9es.<\/p>\n<p>Cette manifestation culturelle, qui se poursuit jusqu\u2019au 27 octobre, intervient en cons\u00e9cration des relations de coop\u00e9ration existant entre le minist\u00e8re de la Culture, de la Jeunesse et des Sports, et le Cercle de la Culture du gouvernement de Sharjah.<\/p>\n<p>Cet \u00e9v\u00e9nement, qui se veut une c\u00e9l\u00e9bration de la cr\u00e9ativit\u00e9 po\u00e9tique marocaine, marque ainsi l\u2019ouverture de la troisi\u00e8me saison culturelle de la Maison de la Po\u00e9sie de Marrakech.<\/p>\n<p>Le programme comporte aussi le forum du festival autour du th\u00e8me \u00ab\u00a0La po\u00e9sie et les interrogations de perception\u00a0\u00bb, avec la participation de plusieurs critiques, ainsi qu\u2019une exposition de l\u2019artiste et photographe Ahmed Ben Sma\u00efl, intitul\u00e9e \u00ab\u00a0Portraits: M\u00e9moire des po\u00e8tes marocains\u00a0\u00bb.<\/p>\n<\/div>\n<p>Auteur: Meriem IGASS<br \/>\n<a href=\"http:\/\/www.mapmarrakech.ma\/fr\/poesie-2\/\">Cliquez ici pour lire l&rsquo;article depuis sa source.<\/a><\/p>\n","protected":false},"excerpt":{"rendered":"<p>Marrakech \u2013 Le Festival de la po\u00e9sie marocaine, qui souffle cette ann\u00e9e sa deuxi\u00e8me bougie, traduit la profondeur de la coop\u00e9ration fructueuse liant le minist\u00e8re de la Culture, de la jeunesse et du sport et le Cercle de la Culture du gouvernement de Sharjah aux Emirats Arabes Unis, a soulign\u00e9 vendredi soir, \u00e0 Marrakech, le [&hellip;]<\/p>\n","protected":false},"author":1788,"featured_media":0,"comment_status":"closed","ping_status":"closed","sticky":false,"template":"","format":"standard","meta":{"fifu_image_url":"","fifu_image_alt":"","footnotes":""},"categories":[54,76],"tags":[],"class_list":["post-65603","post","type-post","status-publish","format-standard","hentry","category-maroc","category-regions"],"_links":{"self":[{"href":"https:\/\/linitiative.ca\/International\/wp-json\/wp\/v2\/posts\/65603","targetHints":{"allow":["GET"]}}],"collection":[{"href":"https:\/\/linitiative.ca\/International\/wp-json\/wp\/v2\/posts"}],"about":[{"href":"https:\/\/linitiative.ca\/International\/wp-json\/wp\/v2\/types\/post"}],"author":[{"embeddable":true,"href":"https:\/\/linitiative.ca\/International\/wp-json\/wp\/v2\/users\/1788"}],"replies":[{"embeddable":true,"href":"https:\/\/linitiative.ca\/International\/wp-json\/wp\/v2\/comments?post=65603"}],"version-history":[{"count":0,"href":"https:\/\/linitiative.ca\/International\/wp-json\/wp\/v2\/posts\/65603\/revisions"}],"wp:attachment":[{"href":"https:\/\/linitiative.ca\/International\/wp-json\/wp\/v2\/media?parent=65603"}],"wp:term":[{"taxonomy":"category","embeddable":true,"href":"https:\/\/linitiative.ca\/International\/wp-json\/wp\/v2\/categories?post=65603"},{"taxonomy":"post_tag","embeddable":true,"href":"https:\/\/linitiative.ca\/International\/wp-json\/wp\/v2\/tags?post=65603"}],"curies":[{"name":"wp","href":"https:\/\/api.w.org\/{rel}","templated":true}]}}