{"id":65604,"date":"2019-10-26T07:52:37","date_gmt":"2019-10-26T11:52:37","guid":{"rendered":"https:\/\/linitiative.ca\/International\/festival-de-la-poesie-concert-inoubliable-de-marcel-khalifa\/"},"modified":"2019-10-26T07:52:37","modified_gmt":"2019-10-26T11:52:37","slug":"festival-de-la-poesie-concert-inoubliable-de-marcel-khalifa","status":"publish","type":"post","link":"https:\/\/linitiative.ca\/International\/festival-de-la-poesie-concert-inoubliable-de-marcel-khalifa\/","title":{"rendered":"Festival de la po\u00e9sie: Concert inoubliable de Marcel Khalifa"},"content":{"rendered":"<div readability=\"37\">\n<p>Marrakech \u2013 Le c\u00e9l\u00e8bre chanteur libanais Marcel Khalifa a gratifi\u00e9, vendredi soir, \u00e0 Marrakech, le public d\u2019un concert m\u00e9morable dans le cadre de la c\u00e9r\u00e9monie d\u2019ouverture de la 2\u00e8 \u00e9dition du Festival de la po\u00e9sie marocaine.<\/p>\n<\/div>\n<div readability=\"111\">\n<p>D\u00e8s son entr\u00e9e sur la sc\u00e8ne du mythique Palais Bahia \u00e0 Marrakech, ce compositeur, chanteur et oudiste, qui se voit lui-m\u00eame comme un \u00ab\u00a0musicien arabe\u00a0\u00bb, fut accueilli par une standing ovation traduisant son immense popularit\u00e9 au Maroc.<\/p>\n<p>Lors de cette soir\u00e9e, Marcel Khalifa a interpr\u00e9t\u00e9, avec amour et avec sa voix m\u00e9lodieuse qui n\u2019a rien perdu de son \u00e9clat d\u2019antan, une palette de chansons puis\u00e9es dans son riche r\u00e9pertoire : Oummi (Ma m\u00e8re), Rita w\u2019al-Bunduqiya (Rita et le fusil), et Enni ekhtartouka ya watani (Et je t\u2019ai choisie ma Patrie).<\/p>\n<p>Accompagn\u00e9 de son oud, Marcel Khalifa a vite conquis les festivaliers qui r\u00e9p\u00e9taient en ch\u0153ur ses tubes \u00e0 grand succ\u00e8s et ses chansons d\u2019une port\u00e9e universelle.<\/p>\n<p>Cet artiste engag\u00e9, un fin connaisseur de la po\u00e9sie arabe, a r\u00e9ussi \u00e0 faire vibrer plusieurs g\u00e9n\u00e9rations avec des chansons, qui ne prennent aucune ride et dont les paroles sont tri\u00e9s au volet.<\/p>\n<p>\u00ab\u00a0J\u2019ai visit\u00e9 tant de pays et j\u2019ai \u00e9t\u00e9 en contact avec tant de publics, cependant le public marocain reste unique par son go\u00fbt raffin\u00e9 pour la musique authentique\u00a0\u00bb, a-t-il confi\u00e9 aux festivaliers.<\/p>\n<p>Dans une allocution prononc\u00e9e au d\u00e9but de la soir\u00e9e, cet artiste engag\u00e9 s\u2019est-il demand\u00e9 si \u00ab\u00a0la po\u00e9sie a-t-elle encore un r\u00f4le \u00e0 jouer et une place dans ce monde criminel. Oui\u00a0\u00bb, a-t-il affirm\u00e9.<\/p>\n<p>\u00ab\u00a0Le po\u00e8te restera toujours ce magicien, qui envo\u00fbte, ce d\u00e9tenteur de secrets, un ambitieux qui r\u00eave de l\u2019impossible et de changer le monde. C\u2019est son destin\u00a0\u00bb, a-t-il dit.<\/p>\n<p>S\u2019adressant aux po\u00e8tes, Marcel Khalifa les exhorte \u00e0 continuer de r\u00e9diger des po\u00e8mes et de chanter car la po\u00e9sie c\u2019est la libert\u00e9 et c\u2019est la vie et l\u2019homme doit vivre et s\u2019\u00e9loigner de la frustration qui g\u00e9n\u00e8re la haine.<\/p>\n<p>\u00ab\u00a0Je vous salue mes amis les po\u00e8tes car vous n\u2019avez pas abandonn\u00e9 et vous \u00eates rest\u00e9s toujours du c\u00f4t\u00e9 de la po\u00e9sie\u00a0\u00bb, a-t-il insist\u00e9.<\/p>\n<p>Emu, il reviendra \u00e0 ses premi\u00e8res rencontres et ses confidences avec le grand po\u00e8te palestinien Mahmoud Darwich avec qui ils ont form\u00e9 un duo prodigieux\u00a0: lui avec sa voix et sa musique et Darwich avec ses po\u00e8mes largement appr\u00e9ci\u00e9s dans le monde arabe.<\/p>\n<p>Lors de la c\u00e9r\u00e9monie d\u2019ouverture, le festival a rendu un vibrant hommage \u00e0 cet artiste qui s\u2019est vu d\u00e9cerner un bouclier d\u2019honneur en reconnaissance de son riche parcours artistique.<\/p>\n<p>Tout en exprimant sa joie de recevoir ce bouclier, cet artiste a soulign\u00e9 qu\u2019il d\u00e9die cet hommage au peuple libanais vaillant.<\/p>\n<p>Plac\u00e9e sous le Haut Patronage de SM le Roi Mohammed VI et initi\u00e9e par la Maison de la Po\u00e9sie de Marrakech, en partenariat avec le minist\u00e8re de la Culture, de la jeunesse et du sport et le Cercle de la Culture du gouvernement de Sharjah, la deuxi\u00e8me \u00e9dition du Festival de la po\u00e9sie marocaine comporte une s\u00e9rie d\u2019activit\u00e9s culturelles et artistiques aussi riches que vari\u00e9es.<br \/>Cette manifestation culturelle, qui se poursuit jusqu\u2019au 27 octobre, intervient en cons\u00e9cration des relations de coop\u00e9ration existant entre le minist\u00e8re de la Culture, de la Jeunesse et des Sports, et le Cercle de la Culture du gouvernement de Sharjah.<\/p>\n<\/div>\n<p>Auteur: Meriem IGASS<br \/>\n<a href=\"http:\/\/www.mapmarrakech.ma\/fr\/poesie-3\/\">Cliquez ici pour lire l&rsquo;article depuis sa source.<\/a><\/p>\n","protected":false},"excerpt":{"rendered":"<p>Marrakech \u2013 Le c\u00e9l\u00e8bre chanteur libanais Marcel Khalifa a gratifi\u00e9, vendredi soir, \u00e0 Marrakech, le public d\u2019un concert m\u00e9morable dans le cadre de la c\u00e9r\u00e9monie d\u2019ouverture de la 2\u00e8 \u00e9dition du Festival de la po\u00e9sie marocaine. D\u00e8s son entr\u00e9e sur la sc\u00e8ne du mythique Palais Bahia \u00e0 Marrakech, ce compositeur, chanteur et oudiste, qui se [&hellip;]<\/p>\n","protected":false},"author":1788,"featured_media":0,"comment_status":"closed","ping_status":"closed","sticky":false,"template":"","format":"standard","meta":{"fifu_image_url":"","fifu_image_alt":"","footnotes":""},"categories":[54,76],"tags":[],"class_list":["post-65604","post","type-post","status-publish","format-standard","hentry","category-maroc","category-regions"],"_links":{"self":[{"href":"https:\/\/linitiative.ca\/International\/wp-json\/wp\/v2\/posts\/65604","targetHints":{"allow":["GET"]}}],"collection":[{"href":"https:\/\/linitiative.ca\/International\/wp-json\/wp\/v2\/posts"}],"about":[{"href":"https:\/\/linitiative.ca\/International\/wp-json\/wp\/v2\/types\/post"}],"author":[{"embeddable":true,"href":"https:\/\/linitiative.ca\/International\/wp-json\/wp\/v2\/users\/1788"}],"replies":[{"embeddable":true,"href":"https:\/\/linitiative.ca\/International\/wp-json\/wp\/v2\/comments?post=65604"}],"version-history":[{"count":0,"href":"https:\/\/linitiative.ca\/International\/wp-json\/wp\/v2\/posts\/65604\/revisions"}],"wp:attachment":[{"href":"https:\/\/linitiative.ca\/International\/wp-json\/wp\/v2\/media?parent=65604"}],"wp:term":[{"taxonomy":"category","embeddable":true,"href":"https:\/\/linitiative.ca\/International\/wp-json\/wp\/v2\/categories?post=65604"},{"taxonomy":"post_tag","embeddable":true,"href":"https:\/\/linitiative.ca\/International\/wp-json\/wp\/v2\/tags?post=65604"}],"curies":[{"name":"wp","href":"https:\/\/api.w.org\/{rel}","templated":true}]}}