{"id":65606,"date":"2019-10-25T17:43:23","date_gmt":"2019-10-25T21:43:23","guid":{"rendered":"https:\/\/linitiative.ca\/International\/journee-de-sensibilisation-regionale-sur-les-personnes-agees\/"},"modified":"2019-10-25T17:43:23","modified_gmt":"2019-10-25T21:43:23","slug":"journee-de-sensibilisation-regionale-sur-les-personnes-agees","status":"publish","type":"post","link":"https:\/\/linitiative.ca\/International\/journee-de-sensibilisation-regionale-sur-les-personnes-agees\/","title":{"rendered":"Journ\u00e9e de sensibilisation r\u00e9gionale sur les personnes \u00e2g\u00e9es"},"content":{"rendered":"<p class=\"c1\">Les participants \u00e0 une journ\u00e9e de sensibilisation r\u00e9gionale sur les personnes \u00e2g\u00e9es, tenue jeudi \u00e0 Oujda, ont appel\u00e9 \u00e0 mettre les comp\u00e9tences et savoir-faire des retrait\u00e9s au service du d\u00e9veloppement, dans un contexte social national et international marqu\u00e9 par le vieillissement de la population.<\/p>\n<p class=\"c1\">Cette rencontre, plac\u00e9e sous le th\u00e8me \u00abLes personnes \u00e2g\u00e9es et les retrait\u00e9s : des comp\u00e9tences et des expertises au service de la Nation\u00bb, a \u00e9t\u00e9 organis\u00e9e par l\u2019Agence de d\u00e9veloppement social (ADS) en coordination avec l\u2019Entraide nationale, dans le cadre de la 5\u00e8me campagne nationale de sensibilisation sur les personnes \u00e2g\u00e9es.<\/p>\n<p class=\"c1\">Les intervenants lors de cette rencontre, tenue sous l\u2019\u00e9gide du minist\u00e8re de la Solidarit\u00e9, du d\u00e9veloppement social, de l\u2019\u00e9galit\u00e9 et de la famille, ont not\u00e9 que cette campagne de sensibilisation, lanc\u00e9e le 1er octobre courant par le minist\u00e8re, constitue une occasion pour mettre en exergue le potentiel de cette cat\u00e9gorie et lutter contre les clich\u00e9s qui font du d\u00e9part \u00e0 la retraite le synonyme de la fin de la vie active.<\/p>\n<p class=\"c1\">Intervenant lors de cette rencontre, le coordinateur r\u00e9gional de l\u2019ADS dans l\u2019Oriental, Ahmed El Bouziani, a relev\u00e9 que la personne \u00e2g\u00e9e et le retrait\u00e9 constituent un tr\u00e9sor au sein de la soci\u00e9t\u00e9 et qu\u2019il est n\u00e9cessaire de b\u00e9n\u00e9ficier de son exp\u00e9rience, son expertise et ses comp\u00e9tences, notamment dans un contexte d\u00e9mographique o\u00f9 les personnes \u00e2g\u00e9es repr\u00e9senteront, selon les estimations, le quart de la population \u00e0 l\u2019horizon 2050.<\/p>\n<p><img class=\"wp-image-15168 aligncenter\" data-src=\"http:\/\/www.mapoujda.ma\/map\/uploads\/2019\/10\/Journ\u00e9e-de-sensibilisation-r\u00e9gionale-sur-les-personnes-\u00e2g\u00e9es-M750\u00d7430-MAP.jpg\" alt=\"\" width=\"576\" height=\"330\" srcset=\"http:\/\/www.mapoujda.ma\/map\/uploads\/2019\/10\/Journ\u00e9e-de-sensibilisation-r\u00e9gionale-sur-les-personnes-\u00e2g\u00e9es-M750\u00d7430-MAP.jpg 750w, http:\/\/www.mapoujda.ma\/map\/uploads\/2019\/10\/Journ\u00e9e-de-sensibilisation-r\u00e9gionale-sur-les-personnes-\u00e2g\u00e9es-M750\u00d7430-MAP-300x172.jpg 300w\" sizes=\"(max-width: 576px) 100vw, 576px\"\/><\/p>\n<p class=\"c1\">Il est n\u00e9cessaire, dans ce sens, de se d\u00e9faire des st\u00e9r\u00e9otypes sur les retrait\u00e9s et les encourager \u00e0 poursuivre dans la vie active, que ce soit de mani\u00e8re r\u00e9mun\u00e9r\u00e9e ou par le biais du volontariat, du travail associatif et coop\u00e9ratif ou autres formes d\u2019activit\u00e9, a-t-il soulign\u00e9.<\/p>\n<p class=\"c1\">Dans le m\u00eame sens, le directeur de la Caisse marocaine des retraites (CMR) \u00e0 Oujda, Rachid El Ya\u00e2koubi, a not\u00e9 que les retrait\u00e9s marocains repr\u00e9sentent une grande richesse et un capital humain d\u2019une valeur inestimable dans tous les domaines, ajoutant que le d\u00e9part \u00e0 la retraite ne signifie pas la fin de la vie mais doit \u00eatre consid\u00e9r\u00e9 comme un tournant dans la vie active ou, \u00e9ventuellement, une occasion de changer de domaine d\u2019activit\u00e9 et s\u2019ouvrir sur d\u2019autres horizons.<\/p>\n<p class=\"c1\">Il a aussi mis l\u2019accent sur l\u2019importance des associations des retrait\u00e9s, qui constituent des espaces de partage et de transfert des exp\u00e9riences et expertises, d\u2019o\u00f9 l\u2019importance de renforcer leur r\u00f4le dans la soci\u00e9t\u00e9, notant que le Maroc compte plus de 120 associations des retrait\u00e9s et que la r\u00e9gion de l\u2019Oriental enregistre quelque 4.000 adh\u00e9rents \u00e0 ce type d\u2019associations.<\/p>\n<p class=\"c1\">Cette rencontre a connu la pr\u00e9sentation de plusieurs expos\u00e9s notamment sur les th\u00e8mes \u00abLe retrait\u00e9 du secteur public, une comp\u00e9tence et une expertise au service du d\u00e9veloppement\u00bb, \u00abLa prise en charge des personnes \u00e2g\u00e9es dans l\u2019Islam\u00bb et \u00abLe r\u00f4le des personnes \u00e2g\u00e9es dans la soci\u00e9t\u00e9\u00bb.<\/p>\n<p>Auteur: Soufiane ELAHMAR<br \/>\n<a href=\"http:\/\/www.mapoujda.ma\/fr\/journee-de-sensibilisation-regionale-sur-les-personnes-agees\/\">Cliquez ici pour lire l&rsquo;article depuis sa source.<\/a><\/p>\n","protected":false},"excerpt":{"rendered":"<p>Les participants \u00e0 une journ\u00e9e de sensibilisation r\u00e9gionale sur les personnes \u00e2g\u00e9es, tenue jeudi \u00e0 Oujda, ont appel\u00e9 \u00e0 mettre les comp\u00e9tences et savoir-faire des retrait\u00e9s au service du d\u00e9veloppement, dans un contexte social national et international marqu\u00e9 par le vieillissement de la population. Cette rencontre, plac\u00e9e sous le th\u00e8me \u00abLes personnes \u00e2g\u00e9es et les [&hellip;]<\/p>\n","protected":false},"author":1788,"featured_media":65607,"comment_status":"closed","ping_status":"closed","sticky":false,"template":"","format":"standard","meta":{"fifu_image_url":"","fifu_image_alt":"","footnotes":""},"categories":[54,76],"tags":[],"class_list":["post-65606","post","type-post","status-publish","format-standard","has-post-thumbnail","hentry","category-maroc","category-regions"],"_links":{"self":[{"href":"https:\/\/linitiative.ca\/International\/wp-json\/wp\/v2\/posts\/65606","targetHints":{"allow":["GET"]}}],"collection":[{"href":"https:\/\/linitiative.ca\/International\/wp-json\/wp\/v2\/posts"}],"about":[{"href":"https:\/\/linitiative.ca\/International\/wp-json\/wp\/v2\/types\/post"}],"author":[{"embeddable":true,"href":"https:\/\/linitiative.ca\/International\/wp-json\/wp\/v2\/users\/1788"}],"replies":[{"embeddable":true,"href":"https:\/\/linitiative.ca\/International\/wp-json\/wp\/v2\/comments?post=65606"}],"version-history":[{"count":0,"href":"https:\/\/linitiative.ca\/International\/wp-json\/wp\/v2\/posts\/65606\/revisions"}],"wp:featuredmedia":[{"embeddable":true,"href":"https:\/\/linitiative.ca\/International\/wp-json\/"}],"wp:attachment":[{"href":"https:\/\/linitiative.ca\/International\/wp-json\/wp\/v2\/media?parent=65606"}],"wp:term":[{"taxonomy":"category","embeddable":true,"href":"https:\/\/linitiative.ca\/International\/wp-json\/wp\/v2\/categories?post=65606"},{"taxonomy":"post_tag","embeddable":true,"href":"https:\/\/linitiative.ca\/International\/wp-json\/wp\/v2\/tags?post=65606"}],"curies":[{"name":"wp","href":"https:\/\/api.w.org\/{rel}","templated":true}]}}