{"id":65608,"date":"2019-10-25T18:39:28","date_gmt":"2019-10-25T22:39:28","guid":{"rendered":"https:\/\/linitiative.ca\/International\/remise-de-centaines-de-tetes-dovins-a-des-cooperatives\/"},"modified":"2019-10-25T18:39:28","modified_gmt":"2019-10-25T22:39:28","slug":"remise-de-centaines-de-tetes-dovins-a-des-cooperatives","status":"publish","type":"post","link":"https:\/\/linitiative.ca\/International\/remise-de-centaines-de-tetes-dovins-a-des-cooperatives\/","title":{"rendered":"Remise de centaines de t\u00eates d\u2019ovins \u00e0 des coop\u00e9ratives"},"content":{"rendered":"<p class=\"c1\">Un total de 830 t\u00eates d\u2019ovins destin\u00e9s \u00e0 l\u2019engraissement ont \u00e9t\u00e9 remises \u00e0 des coop\u00e9ratives des ayants droits, vendredi au Centre du conseil agricole d\u2019Ain Beni Mathar, dans la province de Jerada.<\/p>\n<p class=\"c1\">Le gouverneur de la province, Mabrouk Tabet, a proc\u00e9d\u00e9 \u00e0 la remise de ces ovins \u00e0 10 coop\u00e9ratives, \u00e0 raison de 83 t\u00eates d\u2019ovins par coop\u00e9rative, en pr\u00e9sence des pr\u00e9sidents des communes concern\u00e9es et des repr\u00e9sentants des autorit\u00e9s locales, des services de s\u00e9curit\u00e9, de l\u2019Office national de la s\u00e9curit\u00e9 sanitaire des produits alimentaires et de l\u2019Office r\u00e9gional du conseil agricole.<\/p>\n<p class=\"c1\">Cette op\u00e9ration s\u2019inscrit dans le cadre du Programme d\u2019insertion des ayants droits dans le processus de d\u00e9veloppement humain, financ\u00e9 par la caisse des communaut\u00e9s soulaliyates relevant du minist\u00e8re de l\u2019Int\u00e9rieur (Direction des affaires rurales).<\/p>\n<p class=\"c1\">Dans des d\u00e9clarations \u00e0 la presse, des responsables de coop\u00e9ratives b\u00e9n\u00e9ficiaires ont salu\u00e9 ce programme qui aura pour effet de promouvoir le d\u00e9veloppement \u00e9conomique et social dans les zones rurales et de lutter contre la pr\u00e9carit\u00e9 au sein des ayants droits des communaut\u00e9s soulaliyates.<\/p>\n<p class=\"c1\">A cette occasion, le chef de la division des affaires rurales \u00e0 la pr\u00e9fecture de la province de Jerada a pr\u00e9sent\u00e9 des donn\u00e9es sur ce programme pour la p\u00e9riode 2017-2018, pr\u00e9cisant que le programme dans sa phase au titre de 2017, qui est en cours d\u2019ex\u00e9cution, porte, pour la province de Jerada, sur 4 projets n\u00e9cessitant une enveloppe de 2,77 millions de dirhams (MDH).<\/p>\n<p class=\"c1\">Il s\u2019agit de projets visant l\u2019acquisition d\u2019ovins de la race de Beni Guil destin\u00e9s \u00e0 l\u2019engraissement et l\u2019\u00e9levage, l\u2019acquisition de mat\u00e9riel agricole et l\u2019\u00e9quipement d\u2019un terrain agricole au profit de 15 coop\u00e9ratives des ayants droits dans la province.<\/p>\n<p class=\"c1\">Quant \u00e0 la phase du programme au titre de 2018, qui est en cours d\u2019approbation et qui n\u00e9cessitera une enveloppe de 5 MDH, dont un apport des coop\u00e9ratives b\u00e9n\u00e9ficiaires \u00e0 hauteur de 10 pc, elle permettra de financer 23 projets au profit de 32 coop\u00e9ratives des ayants droits de la province de Jerada.<\/p>\n<p class=\"c1\">Parmi ces projets figurent l\u2019\u00e9quipement d\u2019une huilerie moderne pour la fabrication d\u2019huile d\u2019olive, la construction d\u2019une unit\u00e9 de stockage des fourrages et l\u2019\u00e9quipement d\u2019une coop\u00e9rative f\u00e9minine en mat\u00e9riel agricole.<\/p>\n<p class=\"c1\">Ce programme b\u00e9n\u00e9ficiera \u00e0 quelque 240 ayants droits au niveau de cette province, dont un tiers de femmes soulaliyates.<\/p>\n<p>Auteur: Soufiane ELAHMAR<br \/>\n<a href=\"http:\/\/www.mapoujda.ma\/fr\/remise-de-centaines-de-tetes-dovins-a-des-cooperatives\/\">Cliquez ici pour lire l&rsquo;article depuis sa source.<\/a><\/p>\n","protected":false},"excerpt":{"rendered":"<p>Un total de 830 t\u00eates d\u2019ovins destin\u00e9s \u00e0 l\u2019engraissement ont \u00e9t\u00e9 remises \u00e0 des coop\u00e9ratives des ayants droits, vendredi au Centre du conseil agricole d\u2019Ain Beni Mathar, dans la province de Jerada. Le gouverneur de la province, Mabrouk Tabet, a proc\u00e9d\u00e9 \u00e0 la remise de ces ovins \u00e0 10 coop\u00e9ratives, \u00e0 raison de 83 t\u00eates [&hellip;]<\/p>\n","protected":false},"author":1788,"featured_media":0,"comment_status":"closed","ping_status":"closed","sticky":false,"template":"","format":"standard","meta":{"fifu_image_url":"","fifu_image_alt":"","footnotes":""},"categories":[54,76],"tags":[],"class_list":["post-65608","post","type-post","status-publish","format-standard","hentry","category-maroc","category-regions"],"_links":{"self":[{"href":"https:\/\/linitiative.ca\/International\/wp-json\/wp\/v2\/posts\/65608","targetHints":{"allow":["GET"]}}],"collection":[{"href":"https:\/\/linitiative.ca\/International\/wp-json\/wp\/v2\/posts"}],"about":[{"href":"https:\/\/linitiative.ca\/International\/wp-json\/wp\/v2\/types\/post"}],"author":[{"embeddable":true,"href":"https:\/\/linitiative.ca\/International\/wp-json\/wp\/v2\/users\/1788"}],"replies":[{"embeddable":true,"href":"https:\/\/linitiative.ca\/International\/wp-json\/wp\/v2\/comments?post=65608"}],"version-history":[{"count":0,"href":"https:\/\/linitiative.ca\/International\/wp-json\/wp\/v2\/posts\/65608\/revisions"}],"wp:attachment":[{"href":"https:\/\/linitiative.ca\/International\/wp-json\/wp\/v2\/media?parent=65608"}],"wp:term":[{"taxonomy":"category","embeddable":true,"href":"https:\/\/linitiative.ca\/International\/wp-json\/wp\/v2\/categories?post=65608"},{"taxonomy":"post_tag","embeddable":true,"href":"https:\/\/linitiative.ca\/International\/wp-json\/wp\/v2\/tags?post=65608"}],"curies":[{"name":"wp","href":"https:\/\/api.w.org\/{rel}","templated":true}]}}