{"id":65609,"date":"2019-10-26T10:10:11","date_gmt":"2019-10-26T14:10:11","guid":{"rendered":"https:\/\/linitiative.ca\/International\/objet-dun-mandat-darret-international-un-francais-arrete\/"},"modified":"2019-10-26T10:10:11","modified_gmt":"2019-10-26T14:10:11","slug":"objet-dun-mandat-darret-international-un-francais-arrete","status":"publish","type":"post","link":"https:\/\/linitiative.ca\/International\/objet-dun-mandat-darret-international-un-francais-arrete\/","title":{"rendered":"Objet d\u2019un mandat d\u2019arr\u00eat international, un Fran\u00e7ais arr\u00eat\u00e9"},"content":{"rendered":"<div class=\"single-featured\"><img alt=\"\" data-src=\"http:\/\/www.mapoujda.ma\/map\/uploads\/2019\/08\/Arrestation-dun-individu-M750\u00d7430.jpg\"\/><\/div>\n<div class=\"entry-content clearfix single-post-content\" readability=\"62\">\n<p class=\"c1\">La police a proc\u00e9d\u00e9 \u00e0 l\u2019arrestation d\u2019un ressortissant fran\u00e7ais, le 22 octobre courant \u00e0 la fronti\u00e8re est du Royaume, qui s\u2019est av\u00e9r\u00e9, apr\u00e8s les op\u00e9rations de pointage et les proc\u00e9dures de coordination internationale, faire\u00a0l\u2019objet d\u2019un mandat d\u2019arr\u00eat international \u00e9mis par les autorit\u00e9s judiciaires fran\u00e7aises\u00a0pour son implication pr\u00e9sum\u00e9e dans une affaire d\u2019homicide volontaire avec pr\u00e9m\u00e9ditation commis en France le 28 mai 2019.<\/p>\n<p class=\"c1\">La Direction g\u00e9n\u00e9rale de la s\u00fbret\u00e9 nationale (DGSN) indique dans un communiqu\u00e9 que le mis en cause a \u00e9t\u00e9 arr\u00eat\u00e9 \u00e0 proximit\u00e9 de la fronti\u00e8re est du Royaume, pr\u00e9cis\u00e9ment dans la zone de Ain Bni Mathar, en situation de r\u00e9sidence irr\u00e9guli\u00e8re au Maroc et ce, avant que l\u2019op\u00e9ration de pointage dans les bases de donn\u00e9es de l\u2019Organisation internationale de la police criminelle (Interpol) ne r\u00e9v\u00e8le qu\u2019il fait l\u2019objet d\u2019un mandat d\u2019arr\u00eat international \u00e9mis \u00e0 son encontre par la justice fran\u00e7aise.<\/p>\n<p class=\"c1\">En plus des mesures l\u00e9gales relatives \u00e0 la r\u00e9sidence ill\u00e9gale prises \u00e0 son encontre, le ressortissant \u00e9tranger arr\u00eat\u00e9 a \u00e9t\u00e9 mis \u00e0 la disposition des autorit\u00e9s judiciaires comp\u00e9tentes pour d\u00e9cider de la proc\u00e9dure d\u2019extradition, ajoute la m\u00eame source, notant que le bureau d\u2019Interpol \u00e0 Paris a \u00e9t\u00e9 notifi\u00e9 de cette arrestation, dans le but de poursuivre les proc\u00e9dures de coordination avec les autorit\u00e9s fran\u00e7aises comp\u00e9tentes.<\/p>\n<p class=\"c1\">Cette op\u00e9ration s\u2019inscrit dans le cadre des efforts de la DGSN dans le domaine du renforcement des m\u00e9canismes de la coop\u00e9ration s\u00e9curitaire internationale en mati\u00e8re de lutte contre les crimes transfrontaliers et d\u2019arrestation des personnes faisant l\u2019objet de mandats d\u2019arr\u00eat internationaux, conclut le communiqu\u00e9.<\/p>\n<\/div>\n<p>Auteur: Soufiane ELAHMAR<br \/>\n<a href=\"http:\/\/www.mapoujda.ma\/fr\/objet-dun-mandat-darret-international-un-francais-arrete\/\">Cliquez ici pour lire l&rsquo;article depuis sa source.<\/a><\/p>\n","protected":false},"excerpt":{"rendered":"<p>La police a proc\u00e9d\u00e9 \u00e0 l\u2019arrestation d\u2019un ressortissant fran\u00e7ais, le 22 octobre courant \u00e0 la fronti\u00e8re est du Royaume, qui s\u2019est av\u00e9r\u00e9, apr\u00e8s les op\u00e9rations de pointage et les proc\u00e9dures de coordination internationale, faire\u00a0l\u2019objet d\u2019un mandat d\u2019arr\u00eat international \u00e9mis par les autorit\u00e9s judiciaires fran\u00e7aises\u00a0pour son implication pr\u00e9sum\u00e9e dans une affaire d\u2019homicide volontaire avec pr\u00e9m\u00e9ditation commis [&hellip;]<\/p>\n","protected":false},"author":1788,"featured_media":65610,"comment_status":"closed","ping_status":"closed","sticky":false,"template":"","format":"standard","meta":{"fifu_image_url":"","fifu_image_alt":"","footnotes":""},"categories":[54,76],"tags":[],"class_list":["post-65609","post","type-post","status-publish","format-standard","has-post-thumbnail","hentry","category-maroc","category-regions"],"_links":{"self":[{"href":"https:\/\/linitiative.ca\/International\/wp-json\/wp\/v2\/posts\/65609","targetHints":{"allow":["GET"]}}],"collection":[{"href":"https:\/\/linitiative.ca\/International\/wp-json\/wp\/v2\/posts"}],"about":[{"href":"https:\/\/linitiative.ca\/International\/wp-json\/wp\/v2\/types\/post"}],"author":[{"embeddable":true,"href":"https:\/\/linitiative.ca\/International\/wp-json\/wp\/v2\/users\/1788"}],"replies":[{"embeddable":true,"href":"https:\/\/linitiative.ca\/International\/wp-json\/wp\/v2\/comments?post=65609"}],"version-history":[{"count":0,"href":"https:\/\/linitiative.ca\/International\/wp-json\/wp\/v2\/posts\/65609\/revisions"}],"wp:featuredmedia":[{"embeddable":true,"href":"https:\/\/linitiative.ca\/International\/wp-json\/"}],"wp:attachment":[{"href":"https:\/\/linitiative.ca\/International\/wp-json\/wp\/v2\/media?parent=65609"}],"wp:term":[{"taxonomy":"category","embeddable":true,"href":"https:\/\/linitiative.ca\/International\/wp-json\/wp\/v2\/categories?post=65609"},{"taxonomy":"post_tag","embeddable":true,"href":"https:\/\/linitiative.ca\/International\/wp-json\/wp\/v2\/tags?post=65609"}],"curies":[{"name":"wp","href":"https:\/\/api.w.org\/{rel}","templated":true}]}}