{"id":65623,"date":"2019-10-25T20:00:00","date_gmt":"2019-10-26T00:00:00","guid":{"rendered":"https:\/\/linitiative.ca\/International\/assemblee-du-conseil-de-leurope-une-delegation-du-conseil-de-la-nation-a-strasbourg\/"},"modified":"2019-10-25T20:00:00","modified_gmt":"2019-10-26T00:00:00","slug":"assemblee-du-conseil-de-leurope-une-delegation-du-conseil-de-la-nation-a-strasbourg","status":"publish","type":"post","link":"https:\/\/linitiative.ca\/International\/assemblee-du-conseil-de-leurope-une-delegation-du-conseil-de-la-nation-a-strasbourg\/","title":{"rendered":"Assembl\u00e9e du Conseil de l\u2019Europe : Une d\u00e9l\u00e9gation du Conseil de la nation \u00e0 Strasbourg"},"content":{"rendered":"<p>Le Conseil de la nation a pris part, jeudi dernier \u00e0 Strasbourg (France), au sommet des pr\u00e9sidents de parlements de l&rsquo;Assembl\u00e9e europ\u00e9enne du Conseil de l&rsquo;Europe (APCE), a indiqu\u00e9 un communiqu\u00e9 du Conseil.<br \/>L&rsquo;ordre du jour de cette conf\u00e9rence de deux jours comprend trois principaux axes : \u00abNotre maison commune europ\u00e9enne : les 70 prochaines ann\u00e9es\u00bb ; \u00abMise en \u0153uvre du Programme 2030 de l\u2019ONU et de ses objectifs de d\u00e9veloppement durable : contribution des parlements\u00bb et \u00abLes femmes en politique et le discours public \u2014 Quel r\u00f4le les parlements nationaux peuvent-ils jouer dans la lutte contre la mont\u00e9e du harc\u00e8lement et du discours de haine \u00e0 l\u2019encontre des femmes politiques et parlementaires\u00bb.<br \/>Le Parlement prend part r\u00e9guli\u00e8rement aux r\u00e9unions de l&rsquo;APCE en qualit\u00e9 d&rsquo;invit\u00e9.<br \/>La chambre haute du Parlement est repr\u00e9sent\u00e9e \u00e0 cette rencontre par le vice-pr\u00e9sident du Conseil de la nation, chef de d\u00e9l\u00e9gation, Wahid Fadhel, accompagn\u00e9 du pr\u00e9sident de la commission de la sant\u00e9, des affaires sociales, du travail et de la s\u00e9curit\u00e9 sociale, Ahmed Bouziane et du membre du Conseil de la nation, Hakim Temraoui.<br \/>\u00a0<\/p>\n<p>Auteur: elmoudjahid<br \/>\n<a href=\"http:\/\/www.elmoudjahid.com\/fr\/actualites\/143617\">Cliquez ici pour lire l&rsquo;article depuis sa source.<\/a><\/p>\n","protected":false},"excerpt":{"rendered":"<p>Le Conseil de la nation a pris part, jeudi dernier \u00e0 Strasbourg (France), au sommet des pr\u00e9sidents de parlements de l&rsquo;Assembl\u00e9e europ\u00e9enne du Conseil de l&rsquo;Europe (APCE), a indiqu\u00e9 un communiqu\u00e9 du Conseil.L&rsquo;ordre du jour de cette conf\u00e9rence de deux jours comprend trois principaux axes : \u00abNotre maison commune europ\u00e9enne : les 70 prochaines ann\u00e9es\u00bb [&hellip;]<\/p>\n","protected":false},"author":1744,"featured_media":0,"comment_status":"closed","ping_status":"closed","sticky":false,"template":"","format":"standard","meta":{"fifu_image_url":"","fifu_image_alt":"","footnotes":""},"categories":[73,53],"tags":[],"class_list":["post-65623","post","type-post","status-publish","format-standard","hentry","category-actualite","category-algerie"],"_links":{"self":[{"href":"https:\/\/linitiative.ca\/International\/wp-json\/wp\/v2\/posts\/65623","targetHints":{"allow":["GET"]}}],"collection":[{"href":"https:\/\/linitiative.ca\/International\/wp-json\/wp\/v2\/posts"}],"about":[{"href":"https:\/\/linitiative.ca\/International\/wp-json\/wp\/v2\/types\/post"}],"author":[{"embeddable":true,"href":"https:\/\/linitiative.ca\/International\/wp-json\/wp\/v2\/users\/1744"}],"replies":[{"embeddable":true,"href":"https:\/\/linitiative.ca\/International\/wp-json\/wp\/v2\/comments?post=65623"}],"version-history":[{"count":0,"href":"https:\/\/linitiative.ca\/International\/wp-json\/wp\/v2\/posts\/65623\/revisions"}],"wp:attachment":[{"href":"https:\/\/linitiative.ca\/International\/wp-json\/wp\/v2\/media?parent=65623"}],"wp:term":[{"taxonomy":"category","embeddable":true,"href":"https:\/\/linitiative.ca\/International\/wp-json\/wp\/v2\/categories?post=65623"},{"taxonomy":"post_tag","embeddable":true,"href":"https:\/\/linitiative.ca\/International\/wp-json\/wp\/v2\/tags?post=65623"}],"curies":[{"name":"wp","href":"https:\/\/api.w.org\/{rel}","templated":true}]}}