{"id":65625,"date":"2019-10-25T20:00:00","date_gmt":"2019-10-26T00:00:00","guid":{"rendered":"https:\/\/linitiative.ca\/International\/m-gaid-salah-au-centre-de-regroupement-et-de-preparation-des-equipes-sportives-militaires-reunir-toutes-les-conditions-pour-une-bonne-preparation\/"},"modified":"2019-10-25T20:00:00","modified_gmt":"2019-10-26T00:00:00","slug":"m-gaid-salah-au-centre-de-regroupement-et-de-preparation-des-equipes-sportives-militaires-reunir-toutes-les-conditions-pour-une-bonne-preparation","status":"publish","type":"post","link":"https:\/\/linitiative.ca\/International\/m-gaid-salah-au-centre-de-regroupement-et-de-preparation-des-equipes-sportives-militaires-reunir-toutes-les-conditions-pour-une-bonne-preparation\/","title":{"rendered":"M. Ga\u00efd Salah, au Centre de regroupement et de pr\u00e9paration des \u00e9quipes sportives militaires : R\u00e9unir toutes les conditions pour une bonne pr\u00e9paration"},"content":{"rendered":"<p><strong>Le vice-ministre de la D\u00e9fense nationale, chef d\u2019\u00e9tat-major de l\u2019Arm\u00e9e nationale populaire, le g\u00e9n\u00e9ral\u00a0 de corps d\u2019Arm\u00e9e, Ahmed Ga\u00efd Salah, a pr\u00e9sid\u00e9, jeudi, la c\u00e9r\u00e9monie de baptisation du Centre de regroupement\u00a0 et de pr\u00e9paration des \u00e9quipes sportives militaires de Ben Aknoun (Alger) au nom du chahid Messaoud Boudjriou.<\/strong><\/p>\n<p>La c\u00e9r\u00e9monie s&rsquo;est d\u00e9roul\u00e9e en pr\u00e9sence de la famille du Chahid qui a \u00e9t\u00e9 honor\u00e9e en cette occasion. M. Ahmed Ga\u00efd Salah a suivi ensuite un expos\u00e9 global pr\u00e9sent\u00e9 par le commandant du Centre, portant sur le bilan g\u00e9n\u00e9ral des activit\u00e9s du Centre et l&rsquo;\u00e9tat des nouvelles infrastructures sportives dont les travaux ont \u00e9t\u00e9 achev\u00e9s et celles en cours de construction. \u00abCes infrastructures qui ont b\u00e9n\u00e9fici\u00e9 d\u2019un int\u00e9r\u00eat particulier de la part du Haut Commandement de l&rsquo;Arm\u00e9e nationale populaire afin de les doter de tous les \u00e9quipements sportifs modernes aux normes internationales en la mati\u00e8re, r\u00e9unissant toutes les conditions ad\u00e9quates pour une bonne pr\u00e9paration de nos athl\u00e8tes militaires et contribuant ainsi \u00e0 la r\u00e9alisation d\u2019excellents r\u00e9sultats \u00e0 l\u2019\u00e9chelle nationale et internationale, qui traduisent la bonne r\u00e9putation du sport militaire au sein de l\u2019Arm\u00e9e nationale populaire\u00bb. Le g\u00e9n\u00e9ral de corps d&rsquo;Arm\u00e9e a saisi l&rsquo;occasion de la veille du 65e anniversaire du d\u00e9clenchement de la R\u00e9volution du 1er Novembre 1954 pour rappeler \u00abl&rsquo;importance d&rsquo;ancrer les valeurs et les principes de la Glorieuse R\u00e9volution dans la m\u00e9moire collective du peuple alg\u00e9rien et l\u2019imp\u00e9ratif de prendre exemple sur les auteurs de cette R\u00e9volution miraculeuse qui a prouv\u00e9 et qui prouvera sans nul doute que l\u2019Alg\u00e9rie, qui a su vaincre hier le colonisateur barbare, saura toujours comment poursuivre le parcours de son triomphe et la voie de sa victoire\u00bb. Il a \u00e9galement indiqu\u00e9 que le Haut Commandement \u00abveille \u00e0 mettre \u00e0 disposition tous les moyens mat\u00e9riels et humains n\u00e9cessaires pour le d\u00e9veloppement du sport militaire, ce qui a contribu\u00e9 et contribue encore \u00e0 la r\u00e9alisation de grands r\u00e9sultats dans ce domaine au niveau national et international\u00bb. L&rsquo;\u00e9quipe du Commandement de la Gendarmerie nationale a remport\u00e9 la 47e \u00e9dition de la Coupe d\u2019Alg\u00e9rie de football militaire, en s&rsquo;imposant devant le Commandement de la 1\u00e8re R\u00e9gion militaire aux tirs au but (3 \u00e0 1). Cette 47e \u00e9dition de la finale de Coupe d&rsquo;Alg\u00e9rie militaire de football s&rsquo;est d\u00e9roul\u00e9e jeudi sous la supervision du vice-ministre de la D\u00e9fense nationale, chef d\u2019\u00e9tat-major de l\u2019Arm\u00e9e nationale populaire, le g\u00e9n\u00e9ral de corps d\u2019Arm\u00e9e qui a remis le troph\u00e9e au capitaine de l&rsquo;\u00e9quipe du Commandement de la Gendarmerie nationale.<\/p>\n<p>Auteur: elmoudjahid<br \/>\n<a href=\"http:\/\/www.elmoudjahid.com\/fr\/actualites\/143619\">Cliquez ici pour lire l&rsquo;article depuis sa source.<\/a><\/p>\n","protected":false},"excerpt":{"rendered":"<p>Le vice-ministre de la D\u00e9fense nationale, chef d\u2019\u00e9tat-major de l\u2019Arm\u00e9e nationale populaire, le g\u00e9n\u00e9ral\u00a0 de corps d\u2019Arm\u00e9e, Ahmed Ga\u00efd Salah, a pr\u00e9sid\u00e9, jeudi, la c\u00e9r\u00e9monie de baptisation du Centre de regroupement\u00a0 et de pr\u00e9paration des \u00e9quipes sportives militaires de Ben Aknoun (Alger) au nom du chahid Messaoud Boudjriou. La c\u00e9r\u00e9monie s&rsquo;est d\u00e9roul\u00e9e en pr\u00e9sence de [&hellip;]<\/p>\n","protected":false},"author":1744,"featured_media":0,"comment_status":"closed","ping_status":"closed","sticky":false,"template":"","format":"standard","meta":{"fifu_image_url":"","fifu_image_alt":"","footnotes":""},"categories":[73,53],"tags":[],"class_list":["post-65625","post","type-post","status-publish","format-standard","hentry","category-actualite","category-algerie"],"_links":{"self":[{"href":"https:\/\/linitiative.ca\/International\/wp-json\/wp\/v2\/posts\/65625","targetHints":{"allow":["GET"]}}],"collection":[{"href":"https:\/\/linitiative.ca\/International\/wp-json\/wp\/v2\/posts"}],"about":[{"href":"https:\/\/linitiative.ca\/International\/wp-json\/wp\/v2\/types\/post"}],"author":[{"embeddable":true,"href":"https:\/\/linitiative.ca\/International\/wp-json\/wp\/v2\/users\/1744"}],"replies":[{"embeddable":true,"href":"https:\/\/linitiative.ca\/International\/wp-json\/wp\/v2\/comments?post=65625"}],"version-history":[{"count":0,"href":"https:\/\/linitiative.ca\/International\/wp-json\/wp\/v2\/posts\/65625\/revisions"}],"wp:attachment":[{"href":"https:\/\/linitiative.ca\/International\/wp-json\/wp\/v2\/media?parent=65625"}],"wp:term":[{"taxonomy":"category","embeddable":true,"href":"https:\/\/linitiative.ca\/International\/wp-json\/wp\/v2\/categories?post=65625"},{"taxonomy":"post_tag","embeddable":true,"href":"https:\/\/linitiative.ca\/International\/wp-json\/wp\/v2\/tags?post=65625"}],"curies":[{"name":"wp","href":"https:\/\/api.w.org\/{rel}","templated":true}]}}