{"id":65627,"date":"2019-10-25T20:00:00","date_gmt":"2019-10-26T00:00:00","guid":{"rendered":"https:\/\/linitiative.ca\/International\/m-bensalah-au-sommet-des-pays-membres-du-mouvement-des-non-alignes-a-bakou-limportance-du-dialogue-et-du-reglement-pacifique-des-conflits\/"},"modified":"2019-10-25T20:00:00","modified_gmt":"2019-10-26T00:00:00","slug":"m-bensalah-au-sommet-des-pays-membres-du-mouvement-des-non-alignes-a-bakou-limportance-du-dialogue-et-du-reglement-pacifique-des-conflits","status":"publish","type":"post","link":"https:\/\/linitiative.ca\/International\/m-bensalah-au-sommet-des-pays-membres-du-mouvement-des-non-alignes-a-bakou-limportance-du-dialogue-et-du-reglement-pacifique-des-conflits\/","title":{"rendered":"M. Bensalah au Sommet des pays membres du Mouvement des Non-align\u00e9s \u00e0 Bakou : L\u2019importance du dialogue et du r\u00e8glement pacifique des conflits"},"content":{"rendered":"<p><strong>Le chef de l\u2019\u00c9tat, Abdelkader Bensalah, a prononc\u00e9, hier \u00e0 Bakou (Azerba\u00efdjan), une allocution devant le 18e sommet du Mouvement des Non-align\u00e9s (MNA), dont voici la traduction APS :<\/strong><\/p>\n<p>\u00abMonsieur le pr\u00e9sident,\u00a0 Excellences, Mesdames, Messieurs,<br \/>\u00a0Je voudrais, d\u2019abord, exprimer mes vifs remerciements aux peuple et Gouvernement d\u2019Azerba\u00efdjan, pays ami, et \u00e0 sa t\u00eate le pr\u00e9sident Ilham Aliyev, pour l\u2019hospitalit\u00e9 chaleureuse et l\u2019organisation parfaite des travaux de ce sommet. Je f\u00e9licite \u00e9galement l\u2019Azerba\u00efdjan pour son ascension \u00e0 la pr\u00e9sidence du Mouvement des Non-align\u00e9s (MNA) en \u00e9tant pleinement confiant en la capacit\u00e9 de ses repr\u00e9sentants \u00e0 \u0153uvrer \u00e0 la continuit\u00e9 et \u00e0 la dynamisation du r\u00f4le de notre mouvement, \u00e0 la lumi\u00e8re des d\u00e9fis actuels auxquels font face nos pays. Je tiens \u00e9galement \u00e0 exprimer mes remerciements et ma reconnaissance au Gouvernement du Venezuela pour sa pr\u00e9sidence et ses louables efforts, durant les trois derni\u00e8res ann\u00e9es, en faveur de la consolidation des nobles id\u00e9aux du MNA.<br \/>Monsieur le pr\u00e9sident,<br \/>\u00c0 travers son histoire et ses r\u00e9alisations, notre Mouvement a d\u00e9montr\u00e9 sa capacit\u00e9 \u00e0 s\u2019\u00e9riger en acteur dans un nouvel ordre mondial, bas\u00e9 sur les valeurs et principes consacr\u00e9s par la Charte des Nations unies et du Droit international. Un ordre \u00e9tablissant de solides bases \u00e0 des partenariats fond\u00e9s sur l\u2019int\u00e9r\u00eat mutuel et le respect de la souverainet\u00e9 et la volont\u00e9 des pays. De m\u00eame qu\u2019il a montr\u00e9 sa clairvoyance dans la concr\u00e9tisation de solutions politiques pacifiques, en vue de pr\u00e9server la paix et la s\u00e9curit\u00e9 internationales. Notre r\u00e9union intervient aujourd\u2019hui dans une conjoncture particuli\u00e8re et dans un contexte international qui imposent au MNA la n\u00e9cessit\u00e9 d\u2019assumer sa responsabilit\u00e9, en tant que bloc, face aux d\u00e9fis qui se posent \u00e0 ses pays, notamment la prolif\u00e9ration des foyers de tension et les conflits r\u00e9gionaux et internationaux.<\/p>\n<p><strong>La cause palestinienne au c\u0153ur des pr\u00e9occupations du Mouvement<\/strong><\/p>\n<p>Il y a aussi les d\u00e9fis que posent les probl\u00e8mes du d\u00e9sarmement, l\u2019aggravation des crises, climatique et migratoire, et les conflits sectaires et ethniques, qui constituent un terreau propice au racisme, \u00e0 la haine, \u00e0 l\u2019extr\u00e9misme violent et \u00e0 l\u2019\u00e9largissement de la sph\u00e8re du terrorisme international. Au seuil de la troisi\u00e8me d\u00e9cennie de ce si\u00e8cle, les aspirations des pays du MNA \u00e0 un d\u00e9veloppement durable se trouvent confront\u00e9es \u00e0 une r\u00e9alit\u00e9 marqu\u00e9e par l\u2019approfondissement du foss\u00e9 entre le Nord et le Sud dans plusieurs domaines, d\u2019o\u00f9 l\u2019imp\u00e9ratif de l\u2019unification des visions et des efforts pour trouver des solutions urgentes \u00e0 travers un dialogue franc et un travail s\u00e9rieux en vue de garantir la stabilit\u00e9 et la s\u00e9curit\u00e9 des pays membres. Ces d\u00e9fis, qui sont une profonde pr\u00e9occupation pour nous tous, constituent en fait une source d\u2019inspiration et de stimulation pour le renforcement de nos rangs et la conjugaison de nos efforts.<br \/>Monsieur le pr\u00e9sident,<br \/>La cause palestinienne, qui est au c\u0153ur des pr\u00e9occupations de notre Mouvement, a connu un tournant d\u00e9cisif, pouvant torpiller les efforts de paix, consentis tout au long des derni\u00e8res ann\u00e9es. La responsabilit\u00e9 historique, morale et l\u00e9gale nous dicte aujourd\u2019hui de renouveler notre engagement permanent \u00e0 l\u2019\u00e9gard de cette cause et de r\u00e9affirmer notre soutien ind\u00e9fectible et constant au peuple palestinien dans sa qu\u00eate pour la cons\u00e9cration de ses droits nationaux inali\u00e9nables, y compris son droit \u00e0 l\u2019autod\u00e9termination et \u00e0 l\u2019\u00e9dification de son \u00c9tat, la Palestine ind\u00e9pendante. S\u2019inscrivant dans la large vague de solidarit\u00e9 avec la cause palestinienne \u00e0 travers le monde suite au transfert des ambassades de certains pays \u00e0 El-Qods et \u00e0 la lumi\u00e8re de la poursuite des actes hostiles et criminels de l\u2019occupant contre le peuple palestinien et ses droits, l\u2019Alg\u00e9rie r\u00e9it\u00e8re, depuis cette tribune, son soutien ind\u00e9fectible au peuple palestinien et \u00e0 sa juste cause.<br \/>Monsieur le pr\u00e9sident,<br \/>L\u2019acc\u00e9l\u00e9ration des \u00e9v\u00e8nements dans nombre de pays fr\u00e8res et amis, et la propension \u00e0 recourir \u00e0 la logique de la force au lieu de la force de la logique, nous interpellent tous \u00e0 rechercher les voies les plus efficientes pour le r\u00e9tablissement de la stabilit\u00e9 dans ces r\u00e9gions. L\u2019Alg\u00e9rie demeure profond\u00e9ment convaincue de l\u2019importance du dialogue et du r\u00e8glement pacifique des conflits, et attach\u00e9e aux principes fondamentaux des Nations unis et du droit international, notamment en ce qui concerne la pr\u00e9servation de la paix et de la s\u00e9curit\u00e9 internationales, et partant, elle ne m\u00e9nage aucun effort dans ce cadre.<\/p>\n<p><strong>R\u00e9tablissement de la s\u00e9curit\u00e9\u00a0 et de la stabilit\u00e9 en Libye<\/strong><\/p>\n<p>L\u2019Alg\u00e9rie r\u00e9it\u00e8re son appel aux parties libyennes \u00e0 faire pr\u00e9valoir l\u2019int\u00e9r\u00eat supr\u00eame du pays et \u00e0 adh\u00e9rer aux efforts visant \u00e0 trouver une solution pacifique inclusive, traduisant sur le terrain le travail en faveur du r\u00e9tablissement de la s\u00e9curit\u00e9 et de la stabilit\u00e9 sur tout le territoire de la Libye, pour la pr\u00e9servation de sa souverainet\u00e9 et son ind\u00e9pendance, l\u2019unit\u00e9 de son peuple et le respect de ses institutions. S\u2019agissant de la crise en Syrie, pays fr\u00e8re, l\u2019Alg\u00e9rie n\u2019a eu de cesse d\u2019exhorter les parties concern\u00e9es \u00e0 faire montre de clairvoyance et de pond\u00e9ration pour la fin de toutes formes de violence et de destruction, le rejet de toutes les ing\u00e9rences ext\u00e9rieures et l\u2019adh\u00e9sion \u00e0 un processus de r\u00e9conciliation permettant une sortie du tunnel. En effet, la solution politique est la seule issue \u00e0 m\u00eame de garantir la prise en charge des revendications l\u00e9gitimes du peuple syrien et la pr\u00e9servation de sa souverainet\u00e9, sa stabilit\u00e9 et son int\u00e9grit\u00e9 territoriale. La crise humanitaire engendr\u00e9e par le conflit au Y\u00e9men, que nous souhaitons revoir prosp\u00e8re, nous am\u00e8ne \u00e0 exhorter, une nouvelle fois, les protagonistes \u00e0 faire pr\u00e9valoir l\u2019int\u00e9r\u00eat de leur pays, \u00e0 travers la n\u00e9gociation et le dialogue, en r\u00e9ponse aux aspirations, des fr\u00e8res au Y\u00e9men, \u00e0 la s\u00e9r\u00e9nit\u00e9 et \u00e0 la stabilit\u00e9 dans le cadre de l\u2019unit\u00e9 nationale.<\/p>\n<p><strong>Stabilit\u00e9 et la s\u00e9curit\u00e9 dans\u00a0 la r\u00e9gion du Sahel<\/strong><\/p>\n<p>Monsieur le pr\u00e9sident,<br \/>L&rsquo;Alg\u00e9rie r\u00e9affirme son engagement \u00e0 continuer \u00e0 \u0153uvrer, avec l&rsquo;ensemble des partenaires, \u00e0 la mise en place de solides fondements pour la stabilit\u00e9 et la s\u00e9curit\u00e9 dans la r\u00e9gion du Sahel, dans le cadre du respect de la souverainet\u00e9 des pays et la non-ing\u00e9rence dans leurs affaires internes. Quatre ann\u00e9es se sont d\u00e9j\u00e0 \u00e9coul\u00e9es depuis la signature de l&rsquo;Accord de paix au Mali, qui, en d\u00e9pit des difficult\u00e9s rencontr\u00e9es dans la mise en application de ses clauses, demeure un instrument optimal incontournable, aujourd&rsquo;hui, pour le r\u00e8glement d\u00e9finitif de la crise malienne. Cet Accord, qui n&rsquo;\u00e9tait, certes, pas facile \u00e0 mettre en place, est sous-tendu par une approche fond\u00e9e sur la r\u00e9conciliation nationale et le respect de l&rsquo;int\u00e9grit\u00e9 territoriale et de l&rsquo;unit\u00e9 nationale du Mai, et ouvre \u00e9galement la voie \u00e0 de r\u00e9elles perspectives de d\u00e9veloppement socio\u00e9conomique et culturel. La mise en application des clauses de cet Accord a permis d\u2019enregistrer des avanc\u00e9es encourageantes, mais beaucoup reste \u00e0 faire. L&rsquo;Alg\u00e9rie s&rsquo;engage \u00e0 poursuivre son r\u00f4le, s\u00e9rieux et efficace, au sein du Comit\u00e9 de suivi avec les parties internationales concern\u00e9es, pour une contribution judicieuse \u00e0 la lev\u00e9e des entraves emp\u00eachant une sortie totale de la crise politique et s\u00e9curitaire qui secoue ce pays voisin.<\/p>\n<p><strong>Droit du peuple sahraoui fr\u00e8re \u00e0 l\u2019autod\u00e9termination<\/strong><\/p>\n<p>Monsieur le pr\u00e9sident,<br \/>Le soutien aux causes justes et les efforts historiques du MNA aux c\u00f4t\u00e9s des peuples en lutte pour leur ind\u00e9pendance et leur libert\u00e9, tout au long des d\u00e9cennies pass\u00e9es, forcent le respect et la reconnaissance pour la position constante et de principe du Mouvement, en faveur du droit du peuple sahraoui fr\u00e8re \u00e0 l&rsquo;autod\u00e9termination. Une position que l\u2019Alg\u00e9rie appelle \u00e0 maintenir en cette conjoncture, qui a vu le retour des deux parties en conflit \u00e0 la table de n\u00e9gociations avant un arr\u00eat net, suite \u00e0 la d\u00e9mission de l&rsquo;Envoy\u00e9 personnel du Secr\u00e9taire g\u00e9n\u00e9ral de l&rsquo;ONU au Sahara occidental. En tant que pays voisin et en sa qualit\u00e9 d\u2019observateur officiel dans le cadre du processus de r\u00e8glement onusien, l\u2019Alg\u00e9rie r\u00e9it\u00e8re son appel au Secr\u00e9taire g\u00e9n\u00e9ral de l&rsquo;ONU \u00e0 acc\u00e9l\u00e9rer la relance de la nouvelle dynamique qu&rsquo;il avait impuls\u00e9e. Monsieur le pr\u00e9sident,<br \/>Nombreux sont les pays du Mouvement \u00e0 \u00eatre confront\u00e9s au fl\u00e9au du terrorisme, sous toutes ses formes et origines, qui m\u00eame si le monde n\u2019est toujours pas parvenu \u00e0 lui donner une d\u00e9finition globale, fait l\u2019unanimit\u00e9 quant \u00e0 ses graves r\u00e9percussions politiques, s\u00e9curitaires et \u00e9conomiques. Forte de son exp\u00e9rience en mati\u00e8re de lutte contre le terrorisme durant toute une d\u00e9cennie, l&rsquo;Alg\u00e9rie a pu d\u00e9velopper une approche inclusive, bas\u00e9e sur la r\u00e9conciliation nationale, en focalisant sur l&rsquo;importance de la conjugaison des efforts en vue de l\u2019\u00e9radication des foyers du terrorisme et de l\u2019ass\u00e8chement de ses sources, et en accordant un int\u00e9r\u00eat particulier aux questions de d\u00e9veloppement socio-\u00e9conomique. Mon pays \u0153uvre \u00e9galement \u00e0 la promotion de la culture de la paix au niveau mondial. Il a \u00e9t\u00e9 ainsi \u00e0 l&rsquo;origine de la d\u00e9cision de l&rsquo;Assembl\u00e9e g\u00e9n\u00e9rale de l&rsquo;ONU relative \u00e0 la c\u00e9l\u00e9bration de la Journ\u00e9e mondiale du vivre ensemble en paix, co\u00efncidant avec le 16 mai de chaque ann\u00e9e. Incontestablement, le MNA demeure un acteur international majeur, dont ne nous pouvons aujourd\u2019hui que saluer les r\u00e9alisations et l\u2019\u00e9mergence en tant que d\u00e9fenseur des espoirs et aspirations des peuples de ses pays membres, \u00e9tant donn\u00e9 qu\u2019il n\u2019a m\u00e9nag\u00e9 aucun effort pour contrer les menaces, unifier les visions et les efforts, et cristalliser des solutions dans le contexte d&rsquo;une r\u00e9alit\u00e9 internationale tendant \u00e0 un monde multipolaire. Aussi, notre Mouvement doit-il saisir cette opportunit\u00e9 pour traduire la vision de ses pays membres en vue d\u2019une r\u00e9forme du syst\u00e8me de l&rsquo;ONU et un \u00e9largissement du Conseil de s\u00e9curit\u00e9, exigence incontournable du continent africain qui milite pour la fin de l&rsquo;injustice historique impos\u00e9e \u00e0 ses pays, ainsi que pour la dynamisation du r\u00f4le de l&rsquo;Assembl\u00e9e g\u00e9n\u00e9rale, en lui permettant d&rsquo;exercer pleinement ses pr\u00e9rogatives et d\u2019atteindre ses objectifs supr\u00eames de constituer une tribune pour les peuples, de consacrer la paix et de relever les grands d\u00e9fis auxquels fait face la communaut\u00e9 internationale. Monsieur le pr\u00e9sident,<br \/>\u00a0En conclusion, l&rsquo;Alg\u00e9rie tient \u00e0 r\u00e9it\u00e9rer sa conviction que le MNA est encore capable de jouer un r\u00f4le efficace dans le contexte international actuel, en continuant \u00e0 aspirer \u00e0 un nouvel ordre mondial, bas\u00e9 sur le respect scrupuleux des engagements auxquels chacun est tenu en vertu de la Charte de l&rsquo;ONU et du droit international. Un nouvel ordre mondial favorisant l&rsquo;encouragement de la coop\u00e9ration socio-\u00e9conomique, l\u2019attachement \u00e0 la r\u00e9union des exigences du bon voisinage et la promotion des initiatives constructives, pour r\u00e9duire les disparit\u00e9s entre le Nord et le Sud, dans la cadre d&rsquo;un nouvel ordre \u00e9conomique, juste et \u00e9quilibr\u00e9. Merci pour votre \u00e9coute.\u00bb<\/p>\n<p>&#8212;&#8212;&#8212;&#8212;&#8212;&#8212;&#8212;&#8212;&#8212;&#8212;&#8211;<\/p>\n<p>Entretiens de M. Bensalah<br \/><strong>Les questions d\u2019int\u00e9r\u00eat commun au programme<\/strong><\/p>\n<p>Le chef de l\u2019\u00c9tat, Abdelkader Bensalah, s\u2019est entretenu, hier \u00e0 Bakou (Azerba\u00efdjan), avec le pr\u00e9sident de la R\u00e9publique islamique d\u2019Iran, Hassan Rohani, en marge du 18e sommet du Mouvement des Non-align\u00e9s. Au cours de cet entretien, auquel a assist\u00e9 le ministre des Affaires \u00e9trang\u00e8res, Sabri Boukadoum, les deux parties ont mis l\u2019accent sur la n\u00e9cessit\u00e9 de se concerter sur les questions d\u2019int\u00e9r\u00eat commun. Le pr\u00e9sident iranien a \u00e9voqu\u00e9, pour sa part, le raffermissement des relations bilat\u00e9rales, et les voies et moyens de les d\u00e9velopper, notamment dans les domaines de l\u2019\u00e9conomie et de l\u2019\u00e9nergie. Le chef de l\u2019\u00c9tat s\u2019est aussi entretenu avec le pr\u00e9sident du Conseil d\u2019\u00c9tat du Sultanat d\u2019Oman, Yahia Ben Mahfooz Al-Manthari, pour aborder l\u2019\u00e9tat des relations bilat\u00e9rales, ainsi que les questions d\u2019int\u00e9r\u00eat commun, la situation en Libye et dans la r\u00e9gion du Moyen-Orient. M. Bensalah s\u2019est \u00e9galement entretenu avec le Premier ministre du Bangladesh, Sheikh Hasina, pour \u00e9voquer les relations qu\u2019entretiennent les deux pays, ainsi que les voies et moyens de les d\u00e9velopper, notamment dans le domaine de l\u2019investissement. Par ailleurs, Mme Hasina s\u2019est f\u00e9licit\u00e9e de la r\u00e9ouverture de l\u2019ambassade d\u2019Alg\u00e9rie dans la capitale du Bangladesh, Dacca.<\/p>\n<p>Auteur: elmoudjahid<br \/>\n<a href=\"http:\/\/www.elmoudjahid.com\/fr\/actualites\/143621\">Cliquez ici pour lire l&rsquo;article depuis sa source.<\/a><\/p>\n","protected":false},"excerpt":{"rendered":"<p>Le chef de l\u2019\u00c9tat, Abdelkader Bensalah, a prononc\u00e9, hier \u00e0 Bakou (Azerba\u00efdjan), une allocution devant le 18e sommet du Mouvement des Non-align\u00e9s (MNA), dont voici la traduction APS : \u00abMonsieur le pr\u00e9sident,\u00a0 Excellences, Mesdames, Messieurs,\u00a0Je voudrais, d\u2019abord, exprimer mes vifs remerciements aux peuple et Gouvernement d\u2019Azerba\u00efdjan, pays ami, et \u00e0 sa t\u00eate le pr\u00e9sident Ilham [&hellip;]<\/p>\n","protected":false},"author":1744,"featured_media":0,"comment_status":"closed","ping_status":"closed","sticky":false,"template":"","format":"standard","meta":{"fifu_image_url":"","fifu_image_alt":"","footnotes":""},"categories":[73,53],"tags":[],"class_list":["post-65627","post","type-post","status-publish","format-standard","hentry","category-actualite","category-algerie"],"_links":{"self":[{"href":"https:\/\/linitiative.ca\/International\/wp-json\/wp\/v2\/posts\/65627","targetHints":{"allow":["GET"]}}],"collection":[{"href":"https:\/\/linitiative.ca\/International\/wp-json\/wp\/v2\/posts"}],"about":[{"href":"https:\/\/linitiative.ca\/International\/wp-json\/wp\/v2\/types\/post"}],"author":[{"embeddable":true,"href":"https:\/\/linitiative.ca\/International\/wp-json\/wp\/v2\/users\/1744"}],"replies":[{"embeddable":true,"href":"https:\/\/linitiative.ca\/International\/wp-json\/wp\/v2\/comments?post=65627"}],"version-history":[{"count":0,"href":"https:\/\/linitiative.ca\/International\/wp-json\/wp\/v2\/posts\/65627\/revisions"}],"wp:attachment":[{"href":"https:\/\/linitiative.ca\/International\/wp-json\/wp\/v2\/media?parent=65627"}],"wp:term":[{"taxonomy":"category","embeddable":true,"href":"https:\/\/linitiative.ca\/International\/wp-json\/wp\/v2\/categories?post=65627"},{"taxonomy":"post_tag","embeddable":true,"href":"https:\/\/linitiative.ca\/International\/wp-json\/wp\/v2\/tags?post=65627"}],"curies":[{"name":"wp","href":"https:\/\/api.w.org\/{rel}","templated":true}]}}