{"id":65629,"date":"2019-10-26T09:06:42","date_gmt":"2019-10-26T13:06:42","guid":{"rendered":"https:\/\/linitiative.ca\/International\/96345-rugby-la-ligue-oranaise-menace-de-s-autodissoudre\/"},"modified":"2019-10-26T09:06:42","modified_gmt":"2019-10-26T13:06:42","slug":"96345-rugby-la-ligue-oranaise-menace-de-s-autodissoudre","status":"publish","type":"post","link":"https:\/\/linitiative.ca\/International\/96345-rugby-la-ligue-oranaise-menace-de-s-autodissoudre\/","title":{"rendered":"Rugby: la Ligue oranaise menace de s\u2019autodissoudre"},"content":{"rendered":"<div readability=\"33\">\n<p><strong>ORAN \u2013 La Ligue oranaise de rugby (LOR) a menac\u00e9 samedi de s\u2019autodissoudre en raison du bras de fer qui l\u2019oppose toujours \u00e0 la F\u00e9d\u00e9ration alg\u00e9rienne de la discipline (FAR).<\/strong><\/p>\n<\/div>\n<div readability=\"71.7230769231\">\n<p>\u00ab\u00a0Nous serons dans l\u2019obligation de convoquer une assembl\u00e9e g\u00e9n\u00e9rale extraordinaire dans les prochains jours pour annoncer la dissolution de notre ligue et d\u00e9poser une plainte contre la f\u00e9d\u00e9ration aupr\u00e8s des instances concern\u00e9es\u00a0\u00bb, a indiqu\u00e9 Ahmed Sa\u00e2d, le pr\u00e9sident de la LOR, \u00e0 l&rsquo;APS.<\/p>\n<p>Cette r\u00e9action fait suite \u00e0 l\u2019organisation \u00e0 Oran la veille par la FAR de la premi\u00e8re \u00e9tape du tournoi national de rugby \u00e0 VII d\u00e9di\u00e9 aux cat\u00e9gories U18 et seniors messieurs et ce, sans faire y participer la ligue locale.<\/p>\n<p>Rien ne va pas plus d\u2019ailleurs entre les deux parties, depuis que la f\u00e9d\u00e9ration a rejet\u00e9 les dossiers d\u2019engagement de pas moins de 15 clubs affili\u00e9s \u00e0 la LOR, une attitude qualifi\u00e9e par cette derni\u00e8re de \u00ab\u00a0r\u00e8glement de comptes\u00a0\u00bb en raison de sa position vis-\u00e0-vis de l\u2019actuelle direction de la f\u00e9d\u00e9ration, rappelle-t-on.<\/p>\n<hr\/>\n<h3>Lire aussi:\u00a0<a href=\"http:\/\/www.aps.dz\/sport\/94220-rugby-mis-en-veilleuse-l-avenir-des-clubs-oranais-en-danger\" target=\"_blank\" rel=\"noopener noreferrer\">Rugby : mis en veilleuse, l\u2019avenir des clubs oranais en danger<\/a><\/h3>\n<hr\/>\n<p>\u00ab\u00a0La f\u00e9d\u00e9ration traite directement avec seulement deux clubs d\u2019Oran, \u00e0 savoir le Stade oranais et le Rugby Arzew. Elle vient aussi d\u2019imposer de nouveaux crit\u00e8res qui ne favorisent nullement le d\u00e9veloppement de la discipline en Alg\u00e9rie, pour \u00e9liminer les clubs affili\u00e9s \u00e0 notre ligue\u00a0\u00bb, a accus\u00e9\u00a0 le m\u00eame responsable.<\/p>\n<p>Il faut dire que m\u00eame du c\u00f4t\u00e9 de la Direction de la jeunesse et des sports (DJS) d\u2019Oran, l\u2019on se dit \u00ab\u00a0surpris\u00a0\u00bb par le d\u00e9roulement \u00e0 Oran de la premi\u00e8re \u00e9tape du tournoi national de rugby \u00e0 VII sans en \u00eatre inform\u00e9.<\/p>\n<p>\u00ab\u00a0En tant que premi\u00e8re instance sportive \u00e0 Oran, on est responsables de l\u2019organisation de toutes les manifestations sportives, or on n\u2019a \u00e9t\u00e9 impliqu\u00e9s ni de pr\u00e8s ni de loin dans le d\u00e9roulement de l\u2019\u00e9v\u00e9nement de vendredi, et c\u2019est ce qui nous a \u00e9tonn\u00e9s au plus haut point\u00a0\u00bb, a indiqu\u00e9 \u00e0 l\u2019APS Fay\u00e7al Bouhadila, chef du service des sports \u00e0 la DJS, ajoutant que ce dossier sera soumis au premier responsable de cette instance \u00ab\u00a0pour prendre les mesures qui s\u2019imposent\u00a0\u00bb d\u00e8s son retour d\u2019Alger o\u00f9 il participe \u00e0 un s\u00e9minaire organis\u00e9 par la tutelle.<\/p>\n<\/div>\n<p>Auteur:<br \/>\n<a href=\"http:\/\/www.aps.dz\/sport\/96345-rugby-la-ligue-oranaise-menace-de-s-autodissoudre?utm_source=feedburner&#038;utm_medium=feed&#038;utm_campaign=Feed%3A+aps-sport+%28APS+-+SPORT%29\">Cliquez ici pour lire l&rsquo;article depuis sa source.<\/a><\/p>\n","protected":false},"excerpt":{"rendered":"<p>ORAN \u2013 La Ligue oranaise de rugby (LOR) a menac\u00e9 samedi de s\u2019autodissoudre en raison du bras de fer qui l\u2019oppose toujours \u00e0 la F\u00e9d\u00e9ration alg\u00e9rienne de la discipline (FAR). \u00ab\u00a0Nous serons dans l\u2019obligation de convoquer une assembl\u00e9e g\u00e9n\u00e9rale extraordinaire dans les prochains jours pour annoncer la dissolution de notre ligue et d\u00e9poser une plainte [&hellip;]<\/p>\n","protected":false},"author":1790,"featured_media":0,"comment_status":"closed","ping_status":"closed","sticky":false,"template":"","format":"standard","meta":{"fifu_image_url":"","fifu_image_alt":"","footnotes":""},"categories":[53,75],"tags":[],"class_list":["post-65629","post","type-post","status-publish","format-standard","hentry","category-algerie","category-sport"],"_links":{"self":[{"href":"https:\/\/linitiative.ca\/International\/wp-json\/wp\/v2\/posts\/65629","targetHints":{"allow":["GET"]}}],"collection":[{"href":"https:\/\/linitiative.ca\/International\/wp-json\/wp\/v2\/posts"}],"about":[{"href":"https:\/\/linitiative.ca\/International\/wp-json\/wp\/v2\/types\/post"}],"author":[{"embeddable":true,"href":"https:\/\/linitiative.ca\/International\/wp-json\/wp\/v2\/users\/1790"}],"replies":[{"embeddable":true,"href":"https:\/\/linitiative.ca\/International\/wp-json\/wp\/v2\/comments?post=65629"}],"version-history":[{"count":0,"href":"https:\/\/linitiative.ca\/International\/wp-json\/wp\/v2\/posts\/65629\/revisions"}],"wp:attachment":[{"href":"https:\/\/linitiative.ca\/International\/wp-json\/wp\/v2\/media?parent=65629"}],"wp:term":[{"taxonomy":"category","embeddable":true,"href":"https:\/\/linitiative.ca\/International\/wp-json\/wp\/v2\/categories?post=65629"},{"taxonomy":"post_tag","embeddable":true,"href":"https:\/\/linitiative.ca\/International\/wp-json\/wp\/v2\/tags?post=65629"}],"curies":[{"name":"wp","href":"https:\/\/api.w.org\/{rel}","templated":true}]}}