{"id":65633,"date":"2019-10-26T11:36:00","date_gmt":"2019-10-26T15:36:00","guid":{"rendered":"https:\/\/linitiative.ca\/International\/tamanrasset-arrestation-de-16-individus-et-saisie-dun-vehicule\/"},"modified":"2019-10-26T11:36:00","modified_gmt":"2019-10-26T15:36:00","slug":"tamanrasset-arrestation-de-16-individus-et-saisie-dun-vehicule","status":"publish","type":"post","link":"https:\/\/linitiative.ca\/International\/tamanrasset-arrestation-de-16-individus-et-saisie-dun-vehicule\/","title":{"rendered":"TAMANRASSET : Arrestation de 16 individus et saisie d&rsquo;un v\u00e9hicule"},"content":{"rendered":"<p><br id=\"sep_para_1\" class=\"sep_para access\"\/><\/p>\n<div id=\"para_1\" class=\"para_33675986 resize\">\n<div class=\"texte access firstletter\">Seize (16) individus ont \u00e9t\u00e9 arr\u00eat\u00e9s et un v\u00e9hicule tout-terrain saisi ce vendredi lors d&rsquo;une op\u00e9ration men\u00e9e par un d\u00e9tachement de l&rsquo;Arm\u00e9e nationale populaire \u00e0 Tamanrasset dans le cadre de la lutte contre la criminalit\u00e9, a indiqu\u00e9\u00a0 ce samedi le minist\u00e8re de la D\u00e9fense nationale dans un communiqu\u00e9. \u00ab\u00a0Dans le cadre de la lutte contre la criminalit\u00e9 organis\u00e9e, un d\u00e9tachement\u00a0 de l&rsquo;Arm\u00e9e nationale populaire a arr\u00eat\u00e9, le 25 octobre 2019 \u00e0 Tamanrasset (6\u00e8me R\u00e9gion militaire), 16 individus et saisi un v\u00e9hicule tout-terrain, 2 groupes \u00e9lectrog\u00e8nes, 2 marteaux piqueurs, ainsi que 250 sacs de m\u00e9lange de pierres et d&rsquo;or brut, tandis qu&rsquo;un autre d\u00e9tachement de l&rsquo;ANP a d\u00e9couvert, lors d&rsquo;une op\u00e9ration de fouille et de recherches men\u00e9e pr\u00e8s de la bande frontali\u00e8re \u00e0 Bordj Badji Mokhtar (6\u00e8me R\u00e9gion militaire), 64 balles pour pistolet mitrailleur de type Kalachnikov\u00a0\u00bb, pr\u00e9cise la m\u00eame source.\u00a0\u00a0\u00a0\u00a0\u00a0\u00a0\u00a0<\/div>\n<\/div>\n<p>Auteur: Nadine<br \/>\n<a href=\"https:\/\/www.reflexiondz.net\/TAMANRASSET-Arrestation-de-16-individus-et-saisie-d-un-vehicule_a58455.html\">Cliquez ici pour lire l&rsquo;article depuis sa source.<\/a><\/p>\n","protected":false},"excerpt":{"rendered":"<p>Seize (16) individus ont \u00e9t\u00e9 arr\u00eat\u00e9s et un v\u00e9hicule tout-terrain saisi ce vendredi lors d&rsquo;une op\u00e9ration men\u00e9e par un d\u00e9tachement de l&rsquo;Arm\u00e9e nationale populaire \u00e0 Tamanrasset dans le cadre de la lutte contre la criminalit\u00e9, a indiqu\u00e9\u00a0 ce samedi le minist\u00e8re de la D\u00e9fense nationale dans un communiqu\u00e9. \u00ab\u00a0Dans le cadre de la lutte contre [&hellip;]<\/p>\n","protected":false},"author":1740,"featured_media":0,"comment_status":"closed","ping_status":"closed","sticky":false,"template":"","format":"standard","meta":{"fifu_image_url":"","fifu_image_alt":"","footnotes":""},"categories":[53,76],"tags":[],"class_list":["post-65633","post","type-post","status-publish","format-standard","hentry","category-algerie","category-regions"],"_links":{"self":[{"href":"https:\/\/linitiative.ca\/International\/wp-json\/wp\/v2\/posts\/65633","targetHints":{"allow":["GET"]}}],"collection":[{"href":"https:\/\/linitiative.ca\/International\/wp-json\/wp\/v2\/posts"}],"about":[{"href":"https:\/\/linitiative.ca\/International\/wp-json\/wp\/v2\/types\/post"}],"author":[{"embeddable":true,"href":"https:\/\/linitiative.ca\/International\/wp-json\/wp\/v2\/users\/1740"}],"replies":[{"embeddable":true,"href":"https:\/\/linitiative.ca\/International\/wp-json\/wp\/v2\/comments?post=65633"}],"version-history":[{"count":0,"href":"https:\/\/linitiative.ca\/International\/wp-json\/wp\/v2\/posts\/65633\/revisions"}],"wp:attachment":[{"href":"https:\/\/linitiative.ca\/International\/wp-json\/wp\/v2\/media?parent=65633"}],"wp:term":[{"taxonomy":"category","embeddable":true,"href":"https:\/\/linitiative.ca\/International\/wp-json\/wp\/v2\/categories?post=65633"},{"taxonomy":"post_tag","embeddable":true,"href":"https:\/\/linitiative.ca\/International\/wp-json\/wp\/v2\/tags?post=65633"}],"curies":[{"name":"wp","href":"https:\/\/api.w.org\/{rel}","templated":true}]}}