{"id":65634,"date":"2019-10-26T11:44:00","date_gmt":"2019-10-26T15:44:00","guid":{"rendered":"https:\/\/linitiative.ca\/International\/adda-fellahi-un-chiite-politique\/"},"modified":"2019-10-26T11:44:00","modified_gmt":"2019-10-26T15:44:00","slug":"adda-fellahi-un-chiite-politique","status":"publish","type":"post","link":"https:\/\/linitiative.ca\/International\/adda-fellahi-un-chiite-politique\/","title":{"rendered":"Adda Fellahi, un Chiite politique"},"content":{"rendered":"<p><br id=\"sep_para_1\" class=\"sep_para access\"\/><\/p>\n<div id=\"para_1\" class=\"para_33675997 resize\">\n<div class=\"texte access firstletter\">L\u2019ancien d\u00e9put\u00e9 de Relizane, dissident du Mouvement El-islah et ancien conseiller au minist\u00e8re des affaires religieuses, Adda Fellahi, a r\u00e9v\u00e9l\u00e9 qu\u2019il est Chiite en politique, d\u00e9voilant qu\u2019il s\u2019est rendu en Iran trois fois. L\u2019ancien conseiller de Bouabdellah Goulamallah, qui n\u2019a pas h\u00e9sit\u00e9 \u00e0 exprimer son estime \u00e0 T\u00e9h\u00e9ran, a r\u00e9v\u00e9l\u00e9 qu\u2019il ne pourra pas critiquer l\u2019Iran, tout en r\u00e9v\u00e9lant la cause qui l\u2019a pouss\u00e9\u00a0 \u00e0 invoquer la mis\u00e9ricorde pour El Khomeini. M.Fellahi a notamment r\u00e9v\u00e9l\u00e9, que le pr\u00e9sident Abdelaziz Bouteflika avait confi\u00e9 \u00e0 Ghlamallah qu\u2019il ne trouve aucun crit\u00e8re pour le d\u00e9signer en tant que Mufti de la R\u00e9publique. Rappelons que le dissident du Mouvement El-islah avait racont\u00e9 que le p\u00e9riple d\u2019Al-Qaradaoui \u00e0 Jakarta en Indon\u00e9sie avait \u00e9t\u00e9 mis \u00e0 profit pour demander aux autorit\u00e9s de ce pays d\u2019exercer des pressions sur les autorit\u00e9s iraniennes pour que \u00ab les milices d\u2019El-Sadr arr\u00eatent le g\u00e9nocide contre les sunnites en Irak \u00bb, dira le d\u00e9put\u00e9 expliquant que \u00ab tout le monde sait que les milices d\u2019El-Sadr ont \u00e9t\u00e9 form\u00e9es en Iran \u00bb. En Alg\u00e9rie et compte tenu \u00ab des bonnes relations diplomatiques qu\u2019entretient notre pays avec l\u2019Iran, le cheikh avait \u00e0 solliciter nos autorit\u00e9s pour une intervention sur la situation irakienne \u00bb, note Fellahi.\u00a0 Cette mobilisation autour de la situation s\u00e9curitaire en Irak intervient en sus d\u2019une d\u00e9marche initi\u00e9e par Al-Qaradaoui, il y a une dizaine d\u2019ann\u00e9es de cela consistant en l\u2019envoi d\u2019une mission dans ce pays en vue d\u2019intervenir aupr\u00e8s de ses autorit\u00e9s. Cette mission, constitu\u00e9e de repr\u00e9sentants de pays arabes, a \u00e9t\u00e9 rejet\u00e9e par Ali Khamenei l\u2019actuel Guide supr\u00eame de la r\u00e9volution islamique en raison de la pr\u00e9sence en son sein d\u2019un opposant au r\u00e9gime tunisien, le pr\u00e9sident du parti Ennahda Rachid El-Ghanouchi. Par ailleurs,\u00a0 Adda Fellahi, tout en justifiant la rigueur des autorit\u00e9s judiciaires et s\u00e9curitaires avec les ahmadites par le souci de \u00abprot\u00e9ger l\u2019Alg\u00e9rie de toute pression ou ing\u00e9rence \u00e9trang\u00e8res\u00bb, pr\u00e9vient contre les ramifications des courants salafistes extr\u00e9mistes \u00abqui sont dans les hautes sph\u00e8res de l\u2019Etat\u00bb. \u00abOn y compte des membres au minist\u00e8re des Affaires religieuses, dans des mosqu\u00e9es et des centres de formation des imams et autres institutions que ce courant domine avec ruse ou avec corruption\u00bb, r\u00e9v\u00e8le M. Fellahi, qui se pr\u00e9sente en tant qu\u2019\u00abancien cadre au fait de tous les d\u00e9tails concernant la gestion du secteur des Affaires religieuses\u00bb. Ce dernier estimait que \u00abla manipulation m\u00e9diatique de ce dossier a eu pour effet un espace public totalement acquis aux salafistes, dont le danger est toujours d\u2019actualit\u00e9\u00bb. Pour cet ancien cadre du minist\u00e8re des Affaires religieuses, \u00abl\u2019ahmadisme est un courant musulman pacifiste qui pr\u00e9tend introduire du renouveau dans les id\u00e9es ; cependant, il doit faire l\u2019objet d\u2019une \u00e9tude de pr\u00e8s par les sp\u00e9cialistes pour conna\u00eetre son ancrage r\u00e9el et sa v\u00e9ritable \u00e9tendue et que nous pouvons qualifier d\u2019\u00e9gar\u00e9\u00bb.<\/div>\n<\/div>\n<p>Auteur: R\u00e9flexion<br \/>\n<a href=\"https:\/\/www.reflexiondz.net\/Adda-Fellahi-un-Chiite-politique_a58458.html\">Cliquez ici pour lire l&rsquo;article depuis sa source.<\/a><\/p>\n","protected":false},"excerpt":{"rendered":"<p>L\u2019ancien d\u00e9put\u00e9 de Relizane, dissident du Mouvement El-islah et ancien conseiller au minist\u00e8re des affaires religieuses, Adda Fellahi, a r\u00e9v\u00e9l\u00e9 qu\u2019il est Chiite en politique, d\u00e9voilant qu\u2019il s\u2019est rendu en Iran trois fois. L\u2019ancien conseiller de Bouabdellah Goulamallah, qui n\u2019a pas h\u00e9sit\u00e9 \u00e0 exprimer son estime \u00e0 T\u00e9h\u00e9ran, a r\u00e9v\u00e9l\u00e9 qu\u2019il ne pourra pas critiquer [&hellip;]<\/p>\n","protected":false},"author":1740,"featured_media":0,"comment_status":"closed","ping_status":"closed","sticky":false,"template":"","format":"standard","meta":{"fifu_image_url":"","fifu_image_alt":"","footnotes":""},"categories":[53,76],"tags":[],"class_list":["post-65634","post","type-post","status-publish","format-standard","hentry","category-algerie","category-regions"],"_links":{"self":[{"href":"https:\/\/linitiative.ca\/International\/wp-json\/wp\/v2\/posts\/65634","targetHints":{"allow":["GET"]}}],"collection":[{"href":"https:\/\/linitiative.ca\/International\/wp-json\/wp\/v2\/posts"}],"about":[{"href":"https:\/\/linitiative.ca\/International\/wp-json\/wp\/v2\/types\/post"}],"author":[{"embeddable":true,"href":"https:\/\/linitiative.ca\/International\/wp-json\/wp\/v2\/users\/1740"}],"replies":[{"embeddable":true,"href":"https:\/\/linitiative.ca\/International\/wp-json\/wp\/v2\/comments?post=65634"}],"version-history":[{"count":0,"href":"https:\/\/linitiative.ca\/International\/wp-json\/wp\/v2\/posts\/65634\/revisions"}],"wp:attachment":[{"href":"https:\/\/linitiative.ca\/International\/wp-json\/wp\/v2\/media?parent=65634"}],"wp:term":[{"taxonomy":"category","embeddable":true,"href":"https:\/\/linitiative.ca\/International\/wp-json\/wp\/v2\/categories?post=65634"},{"taxonomy":"post_tag","embeddable":true,"href":"https:\/\/linitiative.ca\/International\/wp-json\/wp\/v2\/tags?post=65634"}],"curies":[{"name":"wp","href":"https:\/\/api.w.org\/{rel}","templated":true}]}}