{"id":65635,"date":"2019-10-26T11:44:00","date_gmt":"2019-10-26T15:44:00","guid":{"rendered":"https:\/\/linitiative.ca\/International\/inquietudes-sur-letat-de-sante-du-general-benhadid\/"},"modified":"2019-10-26T11:44:00","modified_gmt":"2019-10-26T15:44:00","slug":"inquietudes-sur-letat-de-sante-du-general-benhadid","status":"publish","type":"post","link":"https:\/\/linitiative.ca\/International\/inquietudes-sur-letat-de-sante-du-general-benhadid\/","title":{"rendered":"Inqui\u00e9tudes  sur l\u2019\u00e9tat de sant\u00e9 du g\u00e9n\u00e9ral Benhadid"},"content":{"rendered":"<p><br id=\"sep_para_1\" class=\"sep_para access\"\/><\/p>\n<div id=\"para_1\" class=\"para_33676000 resize\">\n<div class=\"texte access firstletter\">Rencontr\u00e9 \u00e0 Alger Me Bachir Mechri, l\u2019avocat\u00a0 du g\u00e9n\u00e9ral \u00e0 la retraite, Hocine Benhadid, n\u2019a pu s\u2019emp\u00eacher d\u2019exprimer son inqui\u00e9tude sur l\u2019\u00e9tat de sant\u00e9 d\u00e9clinant de son mandant\u00a0 Hocine Benhadid. \u201cIl ne peut plus bouger\u201d, a-t-il inform\u00e9 sur un ton grave, pr\u00e9cisant que les conditions d\u2019incarc\u00e9ration de l\u2019ancien officier sup\u00e9rieur de l\u2019institution militaire aggravent l\u2019impotence du d\u00e9tenu. Il y a quelques semaines d\u00e9j\u00e0, l\u2019avocat avait fait un plaidoyer pour sa lib\u00e9ration, en mettant l\u2019accent sur les s\u00e9quelles invalidantes qu\u2019il a gard\u00e9es d\u2019une fracture au bassin provoqu\u00e9e par une chute dans les douches de la prison d\u2019El-Harrach. \u201cIl ne parle plus et ne peut ni se lever ni s\u2019asseoir sans aide. \u00c0 chaque fois que je vais le voir, je crains d\u2019apprendre une mauvaise nouvelle\u201d, a-t-il pr\u00e9cis\u00e9. Ses alertes r\u00e9p\u00e9t\u00e9es, dit-il, n\u2019ont pas eu d\u2019effet sur les autorit\u00e9s judiciaires, qui refusent de lib\u00e9rer conditionnellement\u00a0 Hocine Benhadid (73 ans).<\/div>\n<\/div>\n<p>Auteur: R\u00e9flexion<br \/>\n<a href=\"https:\/\/www.reflexiondz.net\/Inquietudes-sur-l-etat-de-sante-du-general-Benhadid_a58460.html\">Cliquez ici pour lire l&rsquo;article depuis sa source.<\/a><\/p>\n","protected":false},"excerpt":{"rendered":"<p>Rencontr\u00e9 \u00e0 Alger Me Bachir Mechri, l\u2019avocat\u00a0 du g\u00e9n\u00e9ral \u00e0 la retraite, Hocine Benhadid, n\u2019a pu s\u2019emp\u00eacher d\u2019exprimer son inqui\u00e9tude sur l\u2019\u00e9tat de sant\u00e9 d\u00e9clinant de son mandant\u00a0 Hocine Benhadid. \u201cIl ne peut plus bouger\u201d, a-t-il inform\u00e9 sur un ton grave, pr\u00e9cisant que les conditions d\u2019incarc\u00e9ration de l\u2019ancien officier sup\u00e9rieur de l\u2019institution militaire aggravent l\u2019impotence [&hellip;]<\/p>\n","protected":false},"author":1740,"featured_media":0,"comment_status":"closed","ping_status":"closed","sticky":false,"template":"","format":"standard","meta":{"fifu_image_url":"","fifu_image_alt":"","footnotes":""},"categories":[53,76],"tags":[],"class_list":["post-65635","post","type-post","status-publish","format-standard","hentry","category-algerie","category-regions"],"_links":{"self":[{"href":"https:\/\/linitiative.ca\/International\/wp-json\/wp\/v2\/posts\/65635","targetHints":{"allow":["GET"]}}],"collection":[{"href":"https:\/\/linitiative.ca\/International\/wp-json\/wp\/v2\/posts"}],"about":[{"href":"https:\/\/linitiative.ca\/International\/wp-json\/wp\/v2\/types\/post"}],"author":[{"embeddable":true,"href":"https:\/\/linitiative.ca\/International\/wp-json\/wp\/v2\/users\/1740"}],"replies":[{"embeddable":true,"href":"https:\/\/linitiative.ca\/International\/wp-json\/wp\/v2\/comments?post=65635"}],"version-history":[{"count":0,"href":"https:\/\/linitiative.ca\/International\/wp-json\/wp\/v2\/posts\/65635\/revisions"}],"wp:attachment":[{"href":"https:\/\/linitiative.ca\/International\/wp-json\/wp\/v2\/media?parent=65635"}],"wp:term":[{"taxonomy":"category","embeddable":true,"href":"https:\/\/linitiative.ca\/International\/wp-json\/wp\/v2\/categories?post=65635"},{"taxonomy":"post_tag","embeddable":true,"href":"https:\/\/linitiative.ca\/International\/wp-json\/wp\/v2\/tags?post=65635"}],"curies":[{"name":"wp","href":"https:\/\/api.w.org\/{rel}","templated":true}]}}