{"id":65636,"date":"2019-10-26T11:44:00","date_gmt":"2019-10-26T15:44:00","guid":{"rendered":"https:\/\/linitiative.ca\/International\/tebboune-evoque-une-2eme-republique\/"},"modified":"2019-10-26T11:44:00","modified_gmt":"2019-10-26T15:44:00","slug":"tebboune-evoque-une-2eme-republique","status":"publish","type":"post","link":"https:\/\/linitiative.ca\/International\/tebboune-evoque-une-2eme-republique\/","title":{"rendered":"Tebboune  \u00e9voque une 2\u00e8me  R\u00e9publique"},"content":{"rendered":"<p><br id=\"sep_para_1\" class=\"sep_para access\"\/><\/p>\n<div id=\"para_1\" class=\"para_33675999 resize\">\n<div class=\"texte access firstletter\">Le candidat \u00e0 la pr\u00e9sidentielle du 12 d\u00e9cembre prochain, Abdelmadjid Tebboune, a \u00e9voqu\u00e9 ce samedi dans un point de presse la 2e R\u00e9publique et l\u2019application des Articles 7 et 8 de la Constitution. \u00ab Aujourd\u2019hui, nous sommes \u00e0 la hauteur des exigences l\u00e9gales pour le d\u00e9p\u00f4t du dossier de candidature \u00e0 l\u2019\u00e9lection pr\u00e9sidentielle \u00bb, d\u00e9clare d\u2019embl\u00e9e l\u2019ancien Premier ministre. Pour lui, cette \u00e9lection permettra de r\u00e9pondre aux revendications populaires relatives \u00e0 l\u2019application des Articles 7 et 8 de la Constitution, qui consacre le peuple comme seule source du Pouvoir. Sans d\u00e9tailler son programme, Abdelmadjid Tebboune promet de mener des rencontres r\u00e9gionales en marge de la campagne \u00e9lectorale pour expliquer son programme qui se voudrait annonciateur et initiateur d\u2019une 2e R\u00e9publique.<\/div>\n<\/div>\n<p>Auteur: R\u00e9flexion<br \/>\n<a href=\"https:\/\/www.reflexiondz.net\/Tebboune-evoque-une-2eme-Republique_a58459.html\">Cliquez ici pour lire l&rsquo;article depuis sa source.<\/a><\/p>\n","protected":false},"excerpt":{"rendered":"<p>Le candidat \u00e0 la pr\u00e9sidentielle du 12 d\u00e9cembre prochain, Abdelmadjid Tebboune, a \u00e9voqu\u00e9 ce samedi dans un point de presse la 2e R\u00e9publique et l\u2019application des Articles 7 et 8 de la Constitution. \u00ab Aujourd\u2019hui, nous sommes \u00e0 la hauteur des exigences l\u00e9gales pour le d\u00e9p\u00f4t du dossier de candidature \u00e0 l\u2019\u00e9lection pr\u00e9sidentielle \u00bb, d\u00e9clare [&hellip;]<\/p>\n","protected":false},"author":1740,"featured_media":0,"comment_status":"closed","ping_status":"closed","sticky":false,"template":"","format":"standard","meta":{"fifu_image_url":"","fifu_image_alt":"","footnotes":""},"categories":[53,76],"tags":[],"class_list":["post-65636","post","type-post","status-publish","format-standard","hentry","category-algerie","category-regions"],"_links":{"self":[{"href":"https:\/\/linitiative.ca\/International\/wp-json\/wp\/v2\/posts\/65636","targetHints":{"allow":["GET"]}}],"collection":[{"href":"https:\/\/linitiative.ca\/International\/wp-json\/wp\/v2\/posts"}],"about":[{"href":"https:\/\/linitiative.ca\/International\/wp-json\/wp\/v2\/types\/post"}],"author":[{"embeddable":true,"href":"https:\/\/linitiative.ca\/International\/wp-json\/wp\/v2\/users\/1740"}],"replies":[{"embeddable":true,"href":"https:\/\/linitiative.ca\/International\/wp-json\/wp\/v2\/comments?post=65636"}],"version-history":[{"count":0,"href":"https:\/\/linitiative.ca\/International\/wp-json\/wp\/v2\/posts\/65636\/revisions"}],"wp:attachment":[{"href":"https:\/\/linitiative.ca\/International\/wp-json\/wp\/v2\/media?parent=65636"}],"wp:term":[{"taxonomy":"category","embeddable":true,"href":"https:\/\/linitiative.ca\/International\/wp-json\/wp\/v2\/categories?post=65636"},{"taxonomy":"post_tag","embeddable":true,"href":"https:\/\/linitiative.ca\/International\/wp-json\/wp\/v2\/tags?post=65636"}],"curies":[{"name":"wp","href":"https:\/\/api.w.org\/{rel}","templated":true}]}}