{"id":65637,"date":"2019-10-26T11:44:00","date_gmt":"2019-10-26T15:44:00","guid":{"rendered":"https:\/\/linitiative.ca\/International\/defense-gaid-salah-en-visite-a-la-1ere-region-militaire\/"},"modified":"2019-10-26T11:44:00","modified_gmt":"2019-10-26T15:44:00","slug":"defense-gaid-salah-en-visite-a-la-1ere-region-militaire","status":"publish","type":"post","link":"https:\/\/linitiative.ca\/International\/defense-gaid-salah-en-visite-a-la-1ere-region-militaire\/","title":{"rendered":"DEFENSE  : Ga\u00efd Salah en visite \u00e0 la 1\u00e8re r\u00e9gion militaire"},"content":{"rendered":"<p><br id=\"sep_para_1\" class=\"sep_para access\"\/><\/p>\n<div id=\"para_1\" class=\"para_33675995 resize\">\n<div class=\"photo shadow left\"><a href=\"javascript:void(0)\" rel=\"https:\/\/www.reflexiondz.net\/photo\/art\/grande\/38767162-33675995.jpg?v=1572106119&#038;ibox\" title=\"DEFENSE : Ga\u00efd Salah en visite \u00e0 la 1\u00e8re r\u00e9gion militaire\"><img decoding=\"async\" class=\"responsive c9\" src=\"https:\/\/www.reflexiondz.net\/photo\/art\/grande\/38767162-33675995.jpg?v=1572106119\" alt=\"DEFENSE : Ga\u00efd Salah en visite \u00e0 la 1\u00e8re r\u00e9gion militaire\" title=\"DEFENSE : Ga\u00efd Salah en visite \u00e0 la 1\u00e8re r\u00e9gion militaire\"\/><img decoding=\"async\" class=\"not-responsive\" src=\"https:\/\/www.reflexiondz.net\/photo\/art\/default\/38767162-33675995.jpg?v=1572106121\" alt=\"DEFENSE : Ga\u00efd Salah en visite \u00e0 la 1\u00e8re r\u00e9gion militaire\" title=\"DEFENSE : Ga\u00efd Salah en visite \u00e0 la 1\u00e8re r\u00e9gion militaire\"\/><\/a><\/div>\n<div class=\"texte access firstletter\">Le vice-ministre de la D\u00e9fense nationale, Chef d\u2019Etat-major de l\u2019Arm\u00e9e nationale populaire (ANP), le g\u00e9n\u00e9ral de Corps d\u2019Arm\u00e9e Ahmed Ga\u00efd Salah entame aujourd\u2019hui, dimanche 27 octobre, une nouvelle visite sur le terrain. Cette nouvelle sortie sur le terrain conduira, cette fois-ci, le g\u00e9n\u00e9ral de Corps d\u2019Arm\u00e9e en 1\u00e8re R\u00e9gion militaire o\u00f9 il effectuera \u00ab une visite d\u2019inspection et d\u2019inauguration d\u2019un Etablissement relevant du D\u00e9partement Transmissions, Syst\u00e8mes d\u2019Information et Guerre Electronique en 1\u00e8re R\u00e9gion Militaire \u00bb, indique un communiqu\u00e9 du minist\u00e8re de la D\u00e9fense nationale. \u00ab Cette visite, qui entre dans le cadre du suivi de l\u2019ex\u00e9cution du programme de d\u00e9veloppement des diff\u00e9rentes composantes de l\u2019Arm\u00e9e Nationale Populaire, constituera une opportunit\u00e9 \u00e0 Monsieur le G\u00e9n\u00e9ral de Corps d\u2019Arm\u00e9e pour inaugurer le Centre National des Transmissions-Arm\u00e9e Nationale Populaire \u00bb, pr\u00e9cise le m\u00eame communiqu\u00e9.\u00a0\u00a0\u00a0\u00a0\u00a0\u00a0\u00a0\u00a0<\/div>\n<\/div>\n<p>Auteur: Ismain<br \/>\n<a href=\"https:\/\/www.reflexiondz.net\/DEFENSE-Gaid-Salah-en-visite-a-la-1ere-region-militaire_a58457.html\">Cliquez ici pour lire l&rsquo;article depuis sa source.<\/a><\/p>\n","protected":false},"excerpt":{"rendered":"<p>Le vice-ministre de la D\u00e9fense nationale, Chef d\u2019Etat-major de l\u2019Arm\u00e9e nationale populaire (ANP), le g\u00e9n\u00e9ral de Corps d\u2019Arm\u00e9e Ahmed Ga\u00efd Salah entame aujourd\u2019hui, dimanche 27 octobre, une nouvelle visite sur le terrain. Cette nouvelle sortie sur le terrain conduira, cette fois-ci, le g\u00e9n\u00e9ral de Corps d\u2019Arm\u00e9e en 1\u00e8re R\u00e9gion militaire o\u00f9 il effectuera \u00ab une [&hellip;]<\/p>\n","protected":false},"author":1740,"featured_media":0,"comment_status":"closed","ping_status":"closed","sticky":false,"template":"","format":"standard","meta":{"fifu_image_url":"","fifu_image_alt":"","footnotes":""},"categories":[53,76],"tags":[],"class_list":["post-65637","post","type-post","status-publish","format-standard","hentry","category-algerie","category-regions"],"_links":{"self":[{"href":"https:\/\/linitiative.ca\/International\/wp-json\/wp\/v2\/posts\/65637","targetHints":{"allow":["GET"]}}],"collection":[{"href":"https:\/\/linitiative.ca\/International\/wp-json\/wp\/v2\/posts"}],"about":[{"href":"https:\/\/linitiative.ca\/International\/wp-json\/wp\/v2\/types\/post"}],"author":[{"embeddable":true,"href":"https:\/\/linitiative.ca\/International\/wp-json\/wp\/v2\/users\/1740"}],"replies":[{"embeddable":true,"href":"https:\/\/linitiative.ca\/International\/wp-json\/wp\/v2\/comments?post=65637"}],"version-history":[{"count":0,"href":"https:\/\/linitiative.ca\/International\/wp-json\/wp\/v2\/posts\/65637\/revisions"}],"wp:attachment":[{"href":"https:\/\/linitiative.ca\/International\/wp-json\/wp\/v2\/media?parent=65637"}],"wp:term":[{"taxonomy":"category","embeddable":true,"href":"https:\/\/linitiative.ca\/International\/wp-json\/wp\/v2\/categories?post=65637"},{"taxonomy":"post_tag","embeddable":true,"href":"https:\/\/linitiative.ca\/International\/wp-json\/wp\/v2\/tags?post=65637"}],"curies":[{"name":"wp","href":"https:\/\/api.w.org\/{rel}","templated":true}]}}