{"id":65647,"date":"2019-10-26T06:16:56","date_gmt":"2019-10-26T10:16:56","guid":{"rendered":"https:\/\/linitiative.ca\/International\/le-club-des-dirigeants-met-la-lumiere-sur-les-enjeux-du-digital\/"},"modified":"2019-10-26T06:16:56","modified_gmt":"2019-10-26T10:16:56","slug":"le-club-des-dirigeants-met-la-lumiere-sur-les-enjeux-du-digital","status":"publish","type":"post","link":"https:\/\/linitiative.ca\/International\/le-club-des-dirigeants-met-la-lumiere-sur-les-enjeux-du-digital\/","title":{"rendered":"Le Club des Dirigeants met la lumi\u00e8re sur les enjeux du digital"},"content":{"rendered":"<p><strong>C\u2019est parti pour la premi\u00e8re \u00e9dition du Digital Now. Organis\u00e9 par le Club des Dirigeants, ce premier Congr\u00e8s international du digital, qui se tient \u00e0 Casablanca du 26 au 27 octobre, r\u00e9unit le gotha de la transformation digitale.<\/strong><\/p>\n<div class=\"c10\"\/>\n<p>Initiative phare du <strong>Club des Dirigeants<\/strong>, cette rencontre de deux jours, qui a d\u00e9marr\u00e9 ce 26 octobre \u00e0 Casablanca, vise \u00e0 examiner et d\u00e9battre des diff\u00e9rents enjeux de la <strong>transformation digitale<\/strong> des entreprises \u00e0 l\u2019\u00e8re du num\u00e9rique. Experts de la transformation digitale, innovateurs, chefs d\u2019entreprises, institutionnels, tous ont r\u00e9pondu pr\u00e9sent \u00e0 ce premier congr\u00e8s international du digital.<\/p>\n<p>Au total, plus de 500 participants du Maroc, de la France et d\u2019autres pays sont attendus \u00e0 ce rendez-vous, jug\u00e9 strat\u00e9gique et f\u00e9d\u00e9rateur par les organisateurs. Les panels de cette premi\u00e8re journ\u00e9e portent sur la strat\u00e9gie digitale, les diff\u00e9rents contours de cette nouvelle \u00e8re, ses avantages pour les PME et TPME. L\u2019objectif principal est d\u2019attirer l\u2019attention des chefs d\u2019entreprises marocains et les <strong>sensibiliser<\/strong> sur les atouts de la transformation digitale.<\/p>\n<p>Lire aussi : <a href=\"https:\/\/www.challenge.ma\/aitex-les-enjeux-de-la-deep-tech-121380\/\">AITEX : les enjeux de la Deep Tech<\/a><\/p>\n<p>\u00ab\u00a0Le but de ce congr\u00e8s est d\u2019offrir les cl\u00e9s de la r\u00e9ussite aux entreprises dans cette nouvelle \u00e8re, qui regorge d\u2019<strong>importantes opportunit\u00e9s<\/strong>. Et il est n\u00e9cessaire d\u2019\u00eatre bien aguerri pour pouvoir les saisir\u00a0\u00bb, a d\u2019ailleurs soulign\u00e9 Driss Drif, Pr\u00e9sident du Club des Dirigeants, dans son discours d\u2019ouverture. \u00ab\u00a0La tenue de cet \u00e9v\u00e9nement tombe \u00e0 point nomm\u00e9 \u00e0 un moment o\u00f9 de nombreux pays acc\u00e9l\u00e8rent leur d\u00e9veloppement technologique dans plusieurs secteurs. Cela nous exhorte \u00e0 adh\u00e9rer \u00e0 cette nouvelle \u00e8re. Le digital transforme l\u2019administration, notre mani\u00e8re de travailler, et implique que chacun de nous fasse \u00e9voluer ses comp\u00e9tences\u00a0\u00bb, a, pour sa part, rench\u00e9ri Mohamed Drissi Melyani, Directeur g\u00e9n\u00e9ral de l\u2019<strong>Agence Nationale du Digital<\/strong>.<\/p>\n<p>Consulter aussi : <a href=\"https:\/\/www.linkedin.com\/in\/driss-drif-9b17a634\/\">https:\/\/www.linkedin.com\/in\/driss-drif-9b17a634\/<\/a><\/p>\n<p>Il a notamment fait remarquer que le r\u00f4le de son institution est de mettre l\u2019administration \u00e0 niveau avec les enjeux du digital et faire \u00e9merger des acteurs du num\u00e9rique \u00e0 travers l\u2019<strong>entreprenariat<\/strong>. \u00ab\u00a0La transformation digitale est en train de prendre de l\u2019ampleur dans notre pays\u00a0\u00bb, a-t-il aussi constat\u00e9, appelant \u00e0 encourager la cr\u00e9ation des entreprises digitales en octroyant les moyens n\u00e9cessaires aux jeunes porteurs de projets.<\/p>\n<p>Notons que ce premier congr\u00e8s sera marqu\u00e9 par la signature de plusieurs conventions et la remise des troph\u00e9es \u00ab\u00a0Digital Now\u00a0!\u00a0\u00bb \u00e0 des institutions, des startups et des initiatives priv\u00e9es qui se d\u00e9marquent dans le domaine du digital. Cr\u00e9\u00e9 en 2018, le Club des Dirigeants regroupe un nombre important de chefs d\u2019entreprises, de cadres et d\u2019hommes d\u2019affaires. Son objectif principal est d\u2019\u00eatre un canal de r\u00e9seautage pour ses membres en vue de leur cr\u00e9er des opportunit\u00e9s.<\/p>\n<div class=\"c17\">\n<fieldset class=\"c16\">\n<legend><strong><span class=\"c11\">Challenge<\/span><span class=\"c12\">news<\/span><\/strong><\/legend>\n<div class=\"c15\">Le meilleur de la r\u00e9daction s\u00e9lectionn\u00e9 par Challenge :<\/p>\n<\/div>\n<\/fieldset>\n<\/div>\n<p>Auteur: Roland Amoussou<br \/>\n<a href=\"https:\/\/www.challenge.ma\/le-club-des-dirigeants-met-la-lumiere-sur-les-enjeux-du-digital-121422\/\">Cliquez ici pour lire l&rsquo;article depuis sa source.<\/a><\/p>\n","protected":false},"excerpt":{"rendered":"<p>C\u2019est parti pour la premi\u00e8re \u00e9dition du Digital Now. Organis\u00e9 par le Club des Dirigeants, ce premier Congr\u00e8s international du digital, qui se tient \u00e0 Casablanca du 26 au 27 octobre, r\u00e9unit le gotha de la transformation digitale. Initiative phare du Club des Dirigeants, cette rencontre de deux jours, qui a d\u00e9marr\u00e9 ce 26 octobre [&hellip;]<\/p>\n","protected":false},"author":1787,"featured_media":0,"comment_status":"closed","ping_status":"closed","sticky":false,"template":"","format":"standard","meta":{"fifu_image_url":"","fifu_image_alt":"","footnotes":""},"categories":[78,54],"tags":[],"class_list":["post-65647","post","type-post","status-publish","format-standard","hentry","category-economie","category-maroc"],"_links":{"self":[{"href":"https:\/\/linitiative.ca\/International\/wp-json\/wp\/v2\/posts\/65647","targetHints":{"allow":["GET"]}}],"collection":[{"href":"https:\/\/linitiative.ca\/International\/wp-json\/wp\/v2\/posts"}],"about":[{"href":"https:\/\/linitiative.ca\/International\/wp-json\/wp\/v2\/types\/post"}],"author":[{"embeddable":true,"href":"https:\/\/linitiative.ca\/International\/wp-json\/wp\/v2\/users\/1787"}],"replies":[{"embeddable":true,"href":"https:\/\/linitiative.ca\/International\/wp-json\/wp\/v2\/comments?post=65647"}],"version-history":[{"count":0,"href":"https:\/\/linitiative.ca\/International\/wp-json\/wp\/v2\/posts\/65647\/revisions"}],"wp:attachment":[{"href":"https:\/\/linitiative.ca\/International\/wp-json\/wp\/v2\/media?parent=65647"}],"wp:term":[{"taxonomy":"category","embeddable":true,"href":"https:\/\/linitiative.ca\/International\/wp-json\/wp\/v2\/categories?post=65647"},{"taxonomy":"post_tag","embeddable":true,"href":"https:\/\/linitiative.ca\/International\/wp-json\/wp\/v2\/tags?post=65647"}],"curies":[{"name":"wp","href":"https:\/\/api.w.org\/{rel}","templated":true}]}}