{"id":65652,"date":"2019-10-26T16:11:04","date_gmt":"2019-10-26T20:11:04","guid":{"rendered":"https:\/\/linitiative.ca\/International\/tunisie-telecom-et-letoile-sportive-du-sahel-un-partenariat-win-win\/"},"modified":"2019-10-26T16:11:04","modified_gmt":"2019-10-26T20:11:04","slug":"tunisie-telecom-et-letoile-sportive-du-sahel-un-partenariat-win-win","status":"publish","type":"post","link":"https:\/\/linitiative.ca\/International\/tunisie-telecom-et-letoile-sportive-du-sahel-un-partenariat-win-win\/","title":{"rendered":"Tunisie Telecom et L\u2019Etoile Sportive du Sahel :  Un partenariat Win-Win"},"content":{"rendered":"<div class=\"post-cont-in left relative\">\n<div class=\"swp_social_panel swp_horizontal_panel swp_flat_fresh swp_default_full_color swp_individual_full_color swp_other_full_color scale-100 scale-\" data-min-width=\"1100\" data-float-color=\"#ffffff\" data-float=\"none\" data-float-mobile=\"none\" data-transition=\"slide\">\n<div class=\"nc_tweetContainer swp_share_button total_shares total_sharesalt\"><span class=\"swp_count\">1 <span class=\"swp_label\">Partages<\/span><\/span><\/div>\n<\/div>\n<p>S\u2019inscrivant dans une logique de continuit\u00e9 de son engagement soci\u00e9tal\u00a0; Tunisie Telecom, l\u2019acteur majeur du sponsoring sportif, annonce ce vendredi 25 octobre 2019 la signature d\u2019un important contrat de sponsoring avec l\u2019Etoile Sportive du Sahel.<\/p>\n<p>Le contrat a \u00e9t\u00e9 paraph\u00e9 par Messieurs Mohamed Fadhel\u00a0Kraiem Pr\u00e9sident-Directeur G\u00e9n\u00e9ral de Tunisie Telecom et Ridha Charfeddine le Pr\u00e9sident de l\u2019Etoile Sportive du Sahel, au si\u00e8ge de Tunisie Telecom.<\/p>\n<div class=\"code-block code-block-1 c3\"><ins class=\"adsbygoogle c2\" data-ad-layout=\"in-article\" data-ad-format=\"fluid\" data-ad-client=\"ca-pub-2102118777505746\" data-ad-slot=\"7301775417\"\/> <\/div>\n<p>Mohamed Fadhel\u00a0Kraiem a d\u00e9clar\u00e9\u00a0:\u00a0\u00ab Sponsor par excellence des plus grandes \u00e9quipes sportives, Tunisie Telecom est fier aujourd\u2019hui de ce nouveau partenariat avec le club l\u00e9gendaire\u00a0L\u2019ESS. Ce partenariat est bien pilot\u00e9 dans une logique gagnant-gagnant, pour le bien des deux partenaires.\u00a0\u00bb.<\/p>\n<p>En effet, ce partenariat, d\u2019une dur\u00e9e de 3 ans,\u00a0permettra \u00e0 Tunisie Telecom d\u2019associer son image \u00e0 l\u2019image fort valorisante de l\u2019Etoile Sportive du Sahel\u00a0et de toute la panoplie de sa marque sur tout le territoire tunisien.<\/p>\n<p>Ridha Charfeddine, a annonc\u00e9 de son c\u00f4t\u00e9 :\u00a0\u00ab\u00a0Nous sommes honor\u00e9s de cette collaboration p\u00e9renne avec notre op\u00e9rateur national. Nous \u0153uvrons avec d\u00e9termination \u00e0 instaurer une relation bilat\u00e9rale solide et durable\u00a0avec notre partenaire privil\u00e9gi\u00e9 Tunisie Telecom.\u00bb.<\/p>\n<p>Messieurs Mohamed Fadhel\u00a0Kraiem et Ridha Charfeddine ont remerci\u00e9 les \u00e9quipes qui ont travaill\u00e9 avec abn\u00e9gation pour renforcer davantage les relations liant Tunisie Telecom \u00e0 l\u2019Etoile Sportive du Sahel\u00a0; les invitant \u00e0 identifier d\u2019autres pistes de collaboration plus approfondies au profit des deux partenaires.<\/p>\n<p><strong>Que se passe-t-il en Tunisie?<\/strong><br \/>Nous expliquons sur notre <a href=\"https:\/\/www.youtube.com\/channel\/UCRzypVq0B_yBad5eGrwBx0Q?sub_confirmation=1\" target=\"_blank\" rel=\"noopener noreferrer\">cha\u00eene YouTube<\/a> . <a href=\"https:\/\/www.youtube.com\/channel\/UCRzypVq0B_yBad5eGrwBx0Q?sub_confirmation=1\" target=\"_blank\" rel=\"noopener noreferrer\">Abonnez-vous!<\/a><\/p>\n<div class=\"mvp-org-wrap mvp-org-logo\" itemprop=\"publisher\" itemscope=\"\" itemtype=\"https:\/\/schema.org\/Organization\"><img decoding=\"async\" src=\"https:\/\/www.tunisienumerique.com\/wp-content\/uploads\/2017\/02\/logo_tunisie_numerique.png\"\/><\/div>\n<div class=\"swp_social_panel swp_horizontal_panel swp_flat_fresh swp_default_full_color swp_individual_full_color swp_other_full_color scale-100 scale-\" data-min-width=\"1100\" data-float-color=\"#ffffff\" data-float=\"none\" data-float-mobile=\"none\" data-transition=\"slide\">\n<div class=\"nc_tweetContainer swp_share_button total_shares total_sharesalt\"><span class=\"swp_count\">1 <span class=\"swp_label\">Partages<\/span><\/span><\/div>\n<\/div>\n<div class=\"mvp-related-posts left relative\">\n<h4 class=\"post-header\"><span class=\"post-header\">Lire aussi<\/span><\/h4>\n<\/div>\n<\/div>\n<p>Auteur: balkis<br \/>\n<a href=\"https:\/\/www.tunisienumerique.com\/tunisie-telecom-et-letoile-sportive-du-sahel-un-partenariat-win-win\/\">Cliquez ici pour lire l&rsquo;article depuis sa source.<\/a><\/p>\n","protected":false},"excerpt":{"rendered":"<p>1 Partages S\u2019inscrivant dans une logique de continuit\u00e9 de son engagement soci\u00e9tal\u00a0; Tunisie Telecom, l\u2019acteur majeur du sponsoring sportif, annonce ce vendredi 25 octobre 2019 la signature d\u2019un important contrat de sponsoring avec l\u2019Etoile Sportive du Sahel. Le contrat a \u00e9t\u00e9 paraph\u00e9 par Messieurs Mohamed Fadhel\u00a0Kraiem Pr\u00e9sident-Directeur G\u00e9n\u00e9ral de Tunisie Telecom et Ridha Charfeddine le [&hellip;]<\/p>\n","protected":false},"author":1789,"featured_media":65653,"comment_status":"closed","ping_status":"closed","sticky":false,"template":"","format":"standard","meta":{"fifu_image_url":"","fifu_image_alt":"","footnotes":""},"categories":[73,55],"tags":[],"class_list":["post-65652","post","type-post","status-publish","format-standard","has-post-thumbnail","hentry","category-actualite","category-tunisie"],"_links":{"self":[{"href":"https:\/\/linitiative.ca\/International\/wp-json\/wp\/v2\/posts\/65652","targetHints":{"allow":["GET"]}}],"collection":[{"href":"https:\/\/linitiative.ca\/International\/wp-json\/wp\/v2\/posts"}],"about":[{"href":"https:\/\/linitiative.ca\/International\/wp-json\/wp\/v2\/types\/post"}],"author":[{"embeddable":true,"href":"https:\/\/linitiative.ca\/International\/wp-json\/wp\/v2\/users\/1789"}],"replies":[{"embeddable":true,"href":"https:\/\/linitiative.ca\/International\/wp-json\/wp\/v2\/comments?post=65652"}],"version-history":[{"count":0,"href":"https:\/\/linitiative.ca\/International\/wp-json\/wp\/v2\/posts\/65652\/revisions"}],"wp:featuredmedia":[{"embeddable":true,"href":"https:\/\/linitiative.ca\/International\/wp-json\/"}],"wp:attachment":[{"href":"https:\/\/linitiative.ca\/International\/wp-json\/wp\/v2\/media?parent=65652"}],"wp:term":[{"taxonomy":"category","embeddable":true,"href":"https:\/\/linitiative.ca\/International\/wp-json\/wp\/v2\/categories?post=65652"},{"taxonomy":"post_tag","embeddable":true,"href":"https:\/\/linitiative.ca\/International\/wp-json\/wp\/v2\/tags?post=65652"}],"curies":[{"name":"wp","href":"https:\/\/api.w.org\/{rel}","templated":true}]}}