{"id":65662,"date":"2019-10-26T15:50:03","date_gmt":"2019-10-26T19:50:03","guid":{"rendered":"https:\/\/linitiative.ca\/International\/des-centaines-de-milliers-dindependantistes-catalans-manifestent-a-barcelone\/"},"modified":"2019-10-26T15:50:03","modified_gmt":"2019-10-26T19:50:03","slug":"des-centaines-de-milliers-dindependantistes-catalans-manifestent-a-barcelone","status":"publish","type":"post","link":"https:\/\/linitiative.ca\/International\/des-centaines-de-milliers-dindependantistes-catalans-manifestent-a-barcelone\/","title":{"rendered":"Des centaines de milliers d\u2019ind\u00e9pendantistes catalans manifestent \u00e0 Barcelone"},"content":{"rendered":"<div readability=\"32\">\n<p>Publi\u00e9 le 26.10.2019 \u00e0 20h50 par AFP<\/p>\n<\/div>\n<div readability=\"155\">\n<p>Des centaines de milliers de militants ind\u00e9pendantistes catalans sont descendus samedi dans le centre de Barcelone dans une nouvelle d\u00e9monstration de masse apr\u00e8s les violences qui avaient suivi la condamnation de dirigeants s\u00e9paratistes pour avoir tent\u00e9 de faire s\u00e9cession de l\u2019Espagne.<\/p>\n<p>Quelque 350.000 personnes, selon la police municipale, ont r\u00e9pondu \u00e0 l\u2019appel des deux grandes associations Assembl\u00e9e nationale catalane et Omnium cultural, pour d\u00e9filer dans le calme pr\u00e8s du parlement r\u00e9gional.<\/p>\n<p>Brandissant des drapeaux ind\u00e9pendantistes, ils criaient \u00ab\u00a0libert\u00e9 pour les prisonniers politiques\u00a0\u00bb ou \u00ab\u00a0dehors les forces d\u2019occupation\u00a0\u00bb lorsqu\u2019ils apercevaient des policiers.<\/p>\n<p>\u00ab\u00a0Nous manifestons pacifiquement, nous ne sommes pas violents contrairement \u00e0 ce que disent les m\u00e9dias espagnols\u00a0\u00bb, a assur\u00e9 Manuela Mu\u00f1oz, 57 ans, employ\u00e9e dans une usine chimique.<\/p>\n<p>Dans la soir\u00e9e, les unit\u00e9s anti-\u00e9meutes a charg\u00e9 des milliers de manifestants rassembl\u00e9s pr\u00e8s du quartier g\u00e9n\u00e9ral de la police \u00e0 l\u2019appel des Comit\u00e9s de d\u00e9fense de la r\u00e9publique (CRD), plus radicaux.<\/p>\n<p>Pendant des heures, les manifestants les avaient nargu\u00e9s en leur lan\u00e7ant des balles de plastique, des canettes en m\u00e9tal ou des p\u00e9tards, et en criant \u00ab\u00a0fils de Franco\u00a0\u00bb, du nom du dictateur qui a gouvern\u00e9 l\u2019Espagne de la guerre civile de 1936 \u00e0 1939 jusqu\u2019\u00e0 sa mort en 1975.<\/p>\n<p>C\u2019est la premi\u00e8re grande manifestation \u00e0 Barcelone depuis les troubles qui ont fait au total quelque 600 bless\u00e9s en Catalogne dans les jours qui ont suivi la condamnation par la Cour supr\u00eame de neuf leaders s\u00e9paratistes \u00e0 des peines de jusqu\u2019\u00e0 13 ans de prison.<\/p>\n<p>Au soir m\u00eame de la sentence, le 14 octobre, quelque 10.000 personnes avaient tent\u00e9 de paralyser l\u2019a\u00e9roport de Barcelone, se heurtant \u00e0 la police qui les a emp\u00each\u00e9s d\u2019entrer.<\/p>\n<p>Puis, du mardi au vendredi, les manifestations dans les principales villes de cette r\u00e9gion de 7,5 millions d\u2019habitants avaient d\u00e9g\u00e9n\u00e9r\u00e9 en sc\u00e8nes de gu\u00e9rilla urbaine.<\/p>\n<p>Barricades en feu, jets de pav\u00e9s, de billes d\u2019acier et de cocktails Molotov contre la police qui ripostait avec des gaz lacrymog\u00e8nes et des balles en caoutchouc ou en mousse: des sc\u00e8nes de combat de rue in\u00e9dites pour un mouvement s\u00e9paratiste qui s\u2019\u00e9tait toujours voulu pacifique.<\/p>\n<p>La tension \u00e9tait retomb\u00e9e depuis et vendredi soir quelques milliers d\u2019\u00e9tudiants avaient manifest\u00e9 dans le calme \u00e0 Barcelone contre \u00ab\u00a0la r\u00e9pression polici\u00e8re\u00a0\u00bb.<\/p>\n<p>\u2013 \u00ab\u00a0Dialogue sans condition\u00a0\u00bb \u2013<\/p>\n<p>Dimanche, la rue sera aux anti-ind\u00e9pendantistes. Ils veulent \u00ab\u00a0dire +\u00e7a suffit+ \u00e0 la violence que nous avons v\u00e9cue et \u00e0 la confrontation\u00a0\u00bb cherch\u00e9e par le gouvernement r\u00e9gional s\u00e9paratiste, a expliqu\u00e9 \u00e0 l\u2019AFP le pr\u00e9sident de l\u2019association Societat civil catalana, Fernando S\u00e1nchez Costa.<\/p>\n<p>Son organisation a d\u00e9j\u00e0 organis\u00e9 deux grandes marches de la \u00ab\u00a0majorit\u00e9 silencieuse\u00a0\u00bb oppos\u00e9e \u00e0 l\u2019ind\u00e9pendance, apr\u00e8s la tentative de s\u00e9cession de 2017.<\/p>\n<p>\u00ab\u00a0C\u2019est un message important pour la Catalogne, l\u2019Espagne et le monde, o\u00f9 l\u2019on confond souvent ind\u00e9pendantisme et Catalogne\u00a0\u00bb, alors que \u00ab\u00a0nous sommes la majorit\u00e9\u00a0\u00bb, a-t-il soulign\u00e9.<\/p>\n<p>Des membres du gouvernement socialiste espagnol, dont le ministre des Affaires \u00e9trang\u00e8res, le catalan Josep Borrell, prochain chef de la diplomatie europ\u00e9enne, se joindront \u00e0 la marche.<\/p>\n<p>Les \u00e9lus de l\u2019opposition de droite aussi, qui r\u00e9clament au gouvernement des mesures exceptionnelles contre les violences en Catalogne, \u00e0 l\u2019approche des \u00e9lections l\u00e9gislatives du 10 novembre. Le chef de l\u2019ex\u00e9cutif Pedro S\u00e1nchez s\u2019y refuse jusqu\u2019\u00e0 pr\u00e9sent.<\/p>\n<p>A Madrid, le chef du parti d\u2019extr\u00eame droite Vox, Santiago Abascal, a d\u00e9nonc\u00e9 samedi devant des milliers de ses partisans brandissant des drapeaux espagnols \u00ab\u00a0la trahison des socialistes\u00a0\u00bb face \u00ab\u00a0au s\u00e9paratisme criminel\u00a0\u00bb.<\/p>\n<p>Son parti a pris pied au parlement en remportant 24 si\u00e8ges sur 350 aux \u00e9lections l\u00e9gislatives d\u2019avril mais plusieurs sondages r\u00e9cents en font la troisi\u00e8me force au parlement lors du prochain scrutin.<\/p>\n<p>Arriv\u00e9 au pouvoir en juin 2018 en partie gr\u00e2ce aux votes des s\u00e9paratistes catalans, Pedro Sanchez avait entam\u00e9 avec eux un dialogue qui a vite tourn\u00e9 court.<\/p>\n<p>Il ignore les appels du pr\u00e9sident de la r\u00e9gion Catalogne, l\u2019ind\u00e9pendantiste Quim Torra, qui demande un \u00ab\u00a0dialogue sans condition\u00a0\u00bb, une fa\u00e7on d\u2019exiger que le gouvernement accepte une referendum d\u2019autod\u00e9termination. Madrid consid\u00e8re que la Constitution ne le permet pas.<\/p>\n<p>\u00ab\u00a0Nous ne parlerons pas d\u2019un droit \u00e0 l\u2019autod\u00e9termination qui n\u2019existe pas, ni dans cette d\u00e9mocratie ni dans aucune autre\u00a0\u00bb, a d\u00e9clar\u00e9 samedi \u00e0 la presse la num\u00e9ro deux du gouvernement, Carmen Calvo.<\/p>\n<\/div>\n<p>Auteur: AFP<br \/>\n<a href=\"https:\/\/www.journalducameroun.com\/des-centaines-de-milliers-dindependantistes-catalans-manifestent-a-barcelone\/\">Cliquez ici pour lire l&rsquo;article depuis sa source.<\/a><\/p>\n","protected":false},"excerpt":{"rendered":"<p>Publi\u00e9 le 26.10.2019 \u00e0 20h50 par AFP Des centaines de milliers de militants ind\u00e9pendantistes catalans sont descendus samedi dans le centre de Barcelone dans une nouvelle d\u00e9monstration de masse apr\u00e8s les violences qui avaient suivi la condamnation de dirigeants s\u00e9paratistes pour avoir tent\u00e9 de faire s\u00e9cession de l\u2019Espagne. Quelque 350.000 personnes, selon la police municipale, [&hellip;]<\/p>\n","protected":false},"author":1965,"featured_media":0,"comment_status":"closed","ping_status":"closed","sticky":false,"template":"","format":"standard","meta":{"fifu_image_url":"","fifu_image_alt":"","footnotes":""},"categories":[73,82],"tags":[],"class_list":["post-65662","post","type-post","status-publish","format-standard","hentry","category-actualite","category-cameroun"],"_links":{"self":[{"href":"https:\/\/linitiative.ca\/International\/wp-json\/wp\/v2\/posts\/65662","targetHints":{"allow":["GET"]}}],"collection":[{"href":"https:\/\/linitiative.ca\/International\/wp-json\/wp\/v2\/posts"}],"about":[{"href":"https:\/\/linitiative.ca\/International\/wp-json\/wp\/v2\/types\/post"}],"author":[{"embeddable":true,"href":"https:\/\/linitiative.ca\/International\/wp-json\/wp\/v2\/users\/1965"}],"replies":[{"embeddable":true,"href":"https:\/\/linitiative.ca\/International\/wp-json\/wp\/v2\/comments?post=65662"}],"version-history":[{"count":0,"href":"https:\/\/linitiative.ca\/International\/wp-json\/wp\/v2\/posts\/65662\/revisions"}],"wp:attachment":[{"href":"https:\/\/linitiative.ca\/International\/wp-json\/wp\/v2\/media?parent=65662"}],"wp:term":[{"taxonomy":"category","embeddable":true,"href":"https:\/\/linitiative.ca\/International\/wp-json\/wp\/v2\/categories?post=65662"},{"taxonomy":"post_tag","embeddable":true,"href":"https:\/\/linitiative.ca\/International\/wp-json\/wp\/v2\/tags?post=65662"}],"curies":[{"name":"wp","href":"https:\/\/api.w.org\/{rel}","templated":true}]}}