{"id":65663,"date":"2019-10-26T16:18:02","date_gmt":"2019-10-26T20:18:02","guid":{"rendered":"https:\/\/linitiative.ca\/International\/maroc-demantelement-dune-cellule-terroriste-a-casablanca-et-chefchaouen\/"},"modified":"2019-10-26T16:18:02","modified_gmt":"2019-10-26T20:18:02","slug":"maroc-demantelement-dune-cellule-terroriste-a-casablanca-et-chefchaouen","status":"publish","type":"post","link":"https:\/\/linitiative.ca\/International\/maroc-demantelement-dune-cellule-terroriste-a-casablanca-et-chefchaouen\/","title":{"rendered":"Maroc : D\u00e9mant\u00e8lement d\u2019une cellule terroriste \u00e0 Casablanca et Chefchaouen"},"content":{"rendered":"<div readability=\"32\">\n<p>Publi\u00e9 le 26.10.2019 \u00e0 21h18 par APA News<\/p>\n<\/div>\n<div readability=\"72\">\n<p>Les services s\u00e9curitaires marocains ont d\u00e9mantel\u00e9 vendredi, une cellule terroriste dangereuse dans la r\u00e9gion de Dar Bouazza \u00e0 Casablanca et \u00e0 Chefchaouen (Nord).Les membres de cette cellule, au nombre de 8, auraient pr\u00eat\u00e9 all\u00e9geance \u00e0 l\u2019organisation terroriste \u00ab\u2009Daech\u2009\u00bb, afin de commettre des actes terroristes portant atteinte \u00e0 la s\u00e9curit\u00e9 du territoire et des citoyens du Maroc.<\/p>\n<p>Les perquisitions effectu\u00e9es par les enqu\u00eateurs, \u00e9paul\u00e9s par des experts de la police scientifique et technique, ont permis de saisir un v\u00e9ritable arsenal de guerre: plusieurs fusils et des dizaines de cartouches, des armes \u00e0 feu (de poing) avec diverses munitions, des armes blanches (dont plusieurs coutelas), des moyens de t\u00e9l\u00e9communications, des sommes d\u2019argent (en monnaies nationale et \u00e9trang\u00e8res), des fanions de Daech et du mat\u00e9riel de propagande pour cette organisation terroriste. En plus de gros sacs et des fioles contenant des ingr\u00e9dients pouvant servir \u00e0 la confection de charges explosives.<\/p>\n<p>Ce samedi, un autre \u00e9l\u00e9ment de cette cellule terroriste a \u00e9t\u00e9 arr\u00eat\u00e9, le jour m\u00eame, \u00e0 Douar Mkanssa \u00e0 Ain Chock (Casablanca), par le Bureau central d\u2019investigations judiciaires (BCIJ) relevant de la Direction g\u00e9n\u00e9rale de la surveillance du territoire (DGST).<\/p>\n<p>Un communiqu\u00e9 du BCIJ pr\u00e9cise que cette arrestation s\u2019inscrit dans le cadre des investigations men\u00e9es sur fond du d\u00e9mant\u00e8lement de cette cellule terroriste dont les membres planifiaient de perp\u00e9trer une s\u00e9rie d\u2019op\u00e9rations terroristes imminentes visant des infrastructures sensibles et des sites strat\u00e9giques, et ce, apr\u00e8s avoir men\u00e9 des op\u00e9rations de surveillance et de reconnaissance de ces cibles.<\/p>\n<p>L\u2019enqu\u00eate a \u00e9galement r\u00e9v\u00e9l\u00e9 que le chef de file de la cellule et deux de ses acolytes avaient enregistr\u00e9 deux vid\u00e9os dans lesquelles ils pr\u00eataient all\u00e9geance au chef de \u00ab Daech \u00bb et mena\u00e7aient de commettre des op\u00e9rations terroristes dans le Royaume dans la perspective de la proclamation d\u2019une wilaya affili\u00e9e \u00e0 l\u2019organisation terroriste, sous l\u2019appellation \u00ab La Wilaya de Daech dans le Maghreb Islamique \u00bb.<\/p>\n<\/div>\n<p>Auteur: APA News<br \/>\n<a href=\"https:\/\/www.journalducameroun.com\/maroc-demantelement-dune-cellule-terroriste-a-casablanca-et-chefchaouen\/\">Cliquez ici pour lire l&rsquo;article depuis sa source.<\/a><\/p>\n","protected":false},"excerpt":{"rendered":"<p>Publi\u00e9 le 26.10.2019 \u00e0 21h18 par APA News Les services s\u00e9curitaires marocains ont d\u00e9mantel\u00e9 vendredi, une cellule terroriste dangereuse dans la r\u00e9gion de Dar Bouazza \u00e0 Casablanca et \u00e0 Chefchaouen (Nord).Les membres de cette cellule, au nombre de 8, auraient pr\u00eat\u00e9 all\u00e9geance \u00e0 l\u2019organisation terroriste \u00ab\u2009Daech\u2009\u00bb, afin de commettre des actes terroristes portant atteinte \u00e0 [&hellip;]<\/p>\n","protected":false},"author":1965,"featured_media":0,"comment_status":"closed","ping_status":"closed","sticky":false,"template":"","format":"standard","meta":{"fifu_image_url":"","fifu_image_alt":"","footnotes":""},"categories":[73,82],"tags":[],"class_list":["post-65663","post","type-post","status-publish","format-standard","hentry","category-actualite","category-cameroun"],"_links":{"self":[{"href":"https:\/\/linitiative.ca\/International\/wp-json\/wp\/v2\/posts\/65663","targetHints":{"allow":["GET"]}}],"collection":[{"href":"https:\/\/linitiative.ca\/International\/wp-json\/wp\/v2\/posts"}],"about":[{"href":"https:\/\/linitiative.ca\/International\/wp-json\/wp\/v2\/types\/post"}],"author":[{"embeddable":true,"href":"https:\/\/linitiative.ca\/International\/wp-json\/wp\/v2\/users\/1965"}],"replies":[{"embeddable":true,"href":"https:\/\/linitiative.ca\/International\/wp-json\/wp\/v2\/comments?post=65663"}],"version-history":[{"count":0,"href":"https:\/\/linitiative.ca\/International\/wp-json\/wp\/v2\/posts\/65663\/revisions"}],"wp:attachment":[{"href":"https:\/\/linitiative.ca\/International\/wp-json\/wp\/v2\/media?parent=65663"}],"wp:term":[{"taxonomy":"category","embeddable":true,"href":"https:\/\/linitiative.ca\/International\/wp-json\/wp\/v2\/categories?post=65663"},{"taxonomy":"post_tag","embeddable":true,"href":"https:\/\/linitiative.ca\/International\/wp-json\/wp\/v2\/tags?post=65663"}],"curies":[{"name":"wp","href":"https:\/\/api.w.org\/{rel}","templated":true}]}}