{"id":65664,"date":"2019-10-26T16:50:03","date_gmt":"2019-10-26T20:50:03","guid":{"rendered":"https:\/\/linitiative.ca\/International\/syrie-renforts-militaires-americains-dans-lest-petrolier\/"},"modified":"2019-10-26T16:50:03","modified_gmt":"2019-10-26T20:50:03","slug":"syrie-renforts-militaires-americains-dans-lest-petrolier","status":"publish","type":"post","link":"https:\/\/linitiative.ca\/International\/syrie-renforts-militaires-americains-dans-lest-petrolier\/","title":{"rendered":"Syrie: renforts militaires am\u00e9ricains dans l\u2019est p\u00e9trolier"},"content":{"rendered":"<div readability=\"32\">\n<p>Publi\u00e9 le 26.10.2019 \u00e0 21h50 par AFP<\/p>\n<\/div>\n<div readability=\"75\">\n<p>Washington a amorc\u00e9 l\u2019envoi de renforts dans l\u2019est p\u00e9trolier syrien, a indiqu\u00e9 samedi \u00e0 l\u2019AFP un responsable du minist\u00e8re de la D\u00e9fense am\u00e9ricain, alors qu\u2019un convoi militaire arborant des drapeaux am\u00e9ricains entrait en Syrie depuis l\u2019Irak voisin.<\/p>\n<p>Le responsable am\u00e9ricain a indiqu\u00e9 que Washington avait commenc\u00e9 \u00e0 renforcer ses positions dans la province de Deir Ezzor, o\u00f9 se trouvent les principaux champs p\u00e9troliers syriens, en coordination avec les Forces d\u00e9mocratiques syriennes (FDS), domin\u00e9es par les combattants kurdes.<\/p>\n<p>Il a affirm\u00e9 sans plus de pr\u00e9cisions que ce d\u00e9ploiement militaire visait \u00e0 emp\u00eacher le groupe Etat islamique (EI) et d\u2019autres acteurs d\u2019acc\u00e9der aux champs p\u00e9troliers dans cette r\u00e9gion un temps contr\u00f4l\u00e9e par les jihadistes.<\/p>\n<p>Selon un correspondant de l\u2019AFP sur place, un convoi d\u2019environ 13 v\u00e9hicules militaires am\u00e9ricains est entr\u00e9e en Syrie depuis l\u2019Irak et se dirigeait samedi vers la province voisine de Hassak\u00e9 (est).<\/p>\n<p>Le convoi a pass\u00e9 les points de contr\u00f4le du r\u00e9gime syrien, traversant la ville \u00e0 majorit\u00e9 kurde de Qamichli (nord-est), a ajout\u00e9 le correspondant.<\/p>\n<p>Quelque 200 soldats am\u00e9ricains sont actuellement post\u00e9s \u00e0 Deir Ezzor.<\/p>\n<p>Mais le pr\u00e9sident Donald Trump a ordonn\u00e9 le retrait des forces am\u00e9ricaines de la fronti\u00e8re nord de la Syrie, ouvrant la voie \u00e0 une offensive de la Turquie lanc\u00e9e le 9 octobre contre les forces kurdes dans la r\u00e9gion.<\/p>\n<p>La semaine derni\u00e8re, M. Trump a d\u00e9clar\u00e9 qu\u2019un \u00ab\u00a0petit nombre\u00a0\u00bb de soldats am\u00e9ricains resteraient n\u00e9anmoins en Syrie pour s\u00e9curiser les champs d\u2019hydrocarbures.<\/p>\n<p>La Russie a r\u00e9agi samedi en accusant les Etats-Unis de \u00ab\u00a0banditisme international\u00a0\u00bb.<\/p>\n<p>\u00ab\u00a0Ce que Washington fait actuellement \u2013 saisir et placer sous contr\u00f4le arm\u00e9 les champs de p\u00e9trole de l\u2019est de la Syrie \u2013 rel\u00e8ve tout simplement du banditisme international\u00a0\u00bb, a ainsi d\u00e9clar\u00e9 le minist\u00e8re de la D\u00e9fense \u00e0 Moscou.<\/p>\n<\/div>\n<p>Auteur: AFP<br \/>\n<a href=\"https:\/\/www.journalducameroun.com\/syrie-renforts-militaires-americains-dans-lest-petrolier\/\">Cliquez ici pour lire l&rsquo;article depuis sa source.<\/a><\/p>\n","protected":false},"excerpt":{"rendered":"<p>Publi\u00e9 le 26.10.2019 \u00e0 21h50 par AFP Washington a amorc\u00e9 l\u2019envoi de renforts dans l\u2019est p\u00e9trolier syrien, a indiqu\u00e9 samedi \u00e0 l\u2019AFP un responsable du minist\u00e8re de la D\u00e9fense am\u00e9ricain, alors qu\u2019un convoi militaire arborant des drapeaux am\u00e9ricains entrait en Syrie depuis l\u2019Irak voisin. Le responsable am\u00e9ricain a indiqu\u00e9 que Washington avait commenc\u00e9 \u00e0 renforcer [&hellip;]<\/p>\n","protected":false},"author":1965,"featured_media":0,"comment_status":"closed","ping_status":"closed","sticky":false,"template":"","format":"standard","meta":{"fifu_image_url":"","fifu_image_alt":"","footnotes":""},"categories":[73,82],"tags":[],"class_list":["post-65664","post","type-post","status-publish","format-standard","hentry","category-actualite","category-cameroun"],"_links":{"self":[{"href":"https:\/\/linitiative.ca\/International\/wp-json\/wp\/v2\/posts\/65664","targetHints":{"allow":["GET"]}}],"collection":[{"href":"https:\/\/linitiative.ca\/International\/wp-json\/wp\/v2\/posts"}],"about":[{"href":"https:\/\/linitiative.ca\/International\/wp-json\/wp\/v2\/types\/post"}],"author":[{"embeddable":true,"href":"https:\/\/linitiative.ca\/International\/wp-json\/wp\/v2\/users\/1965"}],"replies":[{"embeddable":true,"href":"https:\/\/linitiative.ca\/International\/wp-json\/wp\/v2\/comments?post=65664"}],"version-history":[{"count":0,"href":"https:\/\/linitiative.ca\/International\/wp-json\/wp\/v2\/posts\/65664\/revisions"}],"wp:attachment":[{"href":"https:\/\/linitiative.ca\/International\/wp-json\/wp\/v2\/media?parent=65664"}],"wp:term":[{"taxonomy":"category","embeddable":true,"href":"https:\/\/linitiative.ca\/International\/wp-json\/wp\/v2\/categories?post=65664"},{"taxonomy":"post_tag","embeddable":true,"href":"https:\/\/linitiative.ca\/International\/wp-json\/wp\/v2\/tags?post=65664"}],"curies":[{"name":"wp","href":"https:\/\/api.w.org\/{rel}","templated":true}]}}