{"id":65666,"date":"2019-10-27T07:21:44","date_gmt":"2019-10-27T11:21:44","guid":{"rendered":"https:\/\/linitiative.ca\/International\/la-ministre-du-tourisme-sort-de-son-breuil\/"},"modified":"2019-10-27T07:21:44","modified_gmt":"2019-10-27T11:21:44","slug":"la-ministre-du-tourisme-sort-de-son-breuil","status":"publish","type":"post","link":"https:\/\/linitiative.ca\/International\/la-ministre-du-tourisme-sort-de-son-breuil\/","title":{"rendered":"La ministre du Tourisme sort de son breuil!"},"content":{"rendered":"<p class=\"has-text-color has-vivid-cyan-blue-color\"><strong>Apr\u00e8s deux semaines de prise de pouls du secteur, la ministre du tourisme qui vient d\u2019\u00eatre flanqu\u00e9e \u00e0 la sauvette, dans un ardu examen, rassemble, pour la premi\u00e8re fois, le contingent de l\u2019industrie des voyages du pays.<\/strong><\/p>\n<p>L\u2019histoire de se mettre dans le bain de cette nouvelle aventure dont les destin\u00e9es \u00e9chappent toujours \u00e0 davantage de clart\u00e9 et de gouvernance. Il est bien connu que la dame \u00e0 charge de ce dossier \u00e9pineux, s\u2019est longue ment \u00e9peronn\u00e9e les turbos dans les d\u00e9dales de la gestion entrepreneuriale, au top niveau. Nonobstant, le cheval dont elle d\u00e9tient aujourd\u2019hui le harnais, risque de la d\u00e9sar\u00e7onner, en raison de la sp\u00e9cificit\u00e9 des\u00a0 galops de l\u2019\u00e9quid\u00e9. En effet, par son univers sp\u00e9cifique, empreint de fibres soci\u00e9tales, de substances relationnelles et d\u2019al\u00e9as peu ma\u00eetrisables, le tourisme est surtout une affaire de professionnels aguerris qui y ont roul\u00e9 leur bosse.<\/p>\n<p>Sans avoir nullement l\u2019intention de jouer le trouble-f\u00eate, il convient de constater qu\u2019en d\u00e9pit de son excentricit\u00e9, la femme aurait, \u00e0 coup s\u00fbr, la latitude de mettre \u00e0 profit ses acquisitions manag\u00e9riales. Son av\u00e8nement co\u00efncide \u00e0 pr\u00e9sent avec le d\u00e9bat houleux sur le projet de loi de finance dont certains passages, notamment la taxation abusive, \u00e0 travers l\u2019imp\u00f4t sur les soci\u00e9t\u00e9s, suscitent un large d\u00e9sappointement dans le monde de l\u2019entrepreunariat.<\/p>\n<p>A croire les r\u00e9actions de la conf\u00e9d\u00e9ration nationale de tourisme, les conclusions prometteuses issues des assises de la fiscalit\u00e9, organis\u00e9es en mai 2019, avaient convenu que les entreprises \u00e9taient excessivement surtax\u00e9es et qu\u2019une r\u00e9vision conna\u00eetra s\u00fbrement une tendance baissi\u00e8re. Or, rien ne fut fait dans ce sens, du moins sur cette premi\u00e8re mouture de la loi de finance, en \u00e2pre discussion sous la coupole du parlement. Les professionnels du secteur se sentent alors frustr\u00e9s de cette restriction \u00e0 laquelle leur domaine est exclusivement soumis.<\/p>\n<p>En fait, ils auraient esp\u00e9r\u00e9 qu\u2019\u00e0 l\u2019image des soci\u00e9t\u00e9s bas\u00e9es aux zones d\u2019acc\u00e9l\u00e9ration industrielles dont l\u2019imposition est r\u00e9duite \u00e0 15%, le secteur du tourisme se serait aussi adjug\u00e9 le m\u00eame traitement, en tant que levier productif, g\u00e9n\u00e9rant les devises pour contribuer \u00e0 tenir l\u2019\u00e9quilibre de la balance commerciale. De m\u00eame, la taxe locale aura connu le statu quo, alors que l\u2019IS aurait de plus, crucifi\u00e9 l\u2019h\u00f4tellerie sur une hausse de presque 3%. Le projet semble carr\u00e9ment ignorer les requ\u00eates que les op\u00e9rateurs ne cessent de brandir sur tous les toits. Il a l\u2019air de perdre de vue le caract\u00e8re \u00abindustriel\u00bb du tourisme, d\u2019autant plus qu\u2019il s\u2019\u00e9rige en pourvoyait des devises et de g\u00e9n\u00e9rateur d\u2019emploi,hurlent les acteurs de l\u2019industrie touristique.<\/p>\n<p>M\u00eame s\u2019il est devanc\u00e9 par une destination comme l\u2019Egypte, en termes de recettes, le secteur est au perchoir africain, en mati\u00e8re de drainage de client\u00e8le. Et ce n\u2019est pas avec les taxes tous azimut (taxe professionnelle, taxes de s\u00e9jours, taxe de d\u00e9bit de boisson, taxe de promotion touristique, taxe sur les enseignes,\u2026) que l\u2019on pourra garantir sa comp\u00e9titivit\u00e9 envers ses concurrents. La nouvelle patronne du domaine aura-t-elle assez d\u2019aura et de cran pour taper fort sur la table de l\u2019argentier qui n\u2019est autre, en fait, que son compagnon \u00abtechnocrate\u00bb peint pour la circonstance?<\/p>\n<p>Du pain sur la planche pour la nouvelle h\u00f4te du champ politique!<\/p>\n<p>Auteur: M&rsquo;hammed rahal<br \/>\n<a href=\"http:\/\/albayane.press.ma\/la-ministre-du-tourisme-sort-de-son-breuil.html\">Cliquez ici pour lire l&rsquo;article depuis sa source.<\/a><\/p>\n","protected":false},"excerpt":{"rendered":"<p>Apr\u00e8s deux semaines de prise de pouls du secteur, la ministre du tourisme qui vient d\u2019\u00eatre flanqu\u00e9e \u00e0 la sauvette, dans un ardu examen, rassemble, pour la premi\u00e8re fois, le contingent de l\u2019industrie des voyages du pays. L\u2019histoire de se mettre dans le bain de cette nouvelle aventure dont les destin\u00e9es \u00e9chappent toujours \u00e0 davantage [&hellip;]<\/p>\n","protected":false},"author":1760,"featured_media":0,"comment_status":"closed","ping_status":"closed","sticky":false,"template":"","format":"standard","meta":{"fifu_image_url":"","fifu_image_alt":"","footnotes":""},"categories":[73,54],"tags":[],"class_list":["post-65666","post","type-post","status-publish","format-standard","hentry","category-actualite","category-maroc"],"_links":{"self":[{"href":"https:\/\/linitiative.ca\/International\/wp-json\/wp\/v2\/posts\/65666","targetHints":{"allow":["GET"]}}],"collection":[{"href":"https:\/\/linitiative.ca\/International\/wp-json\/wp\/v2\/posts"}],"about":[{"href":"https:\/\/linitiative.ca\/International\/wp-json\/wp\/v2\/types\/post"}],"author":[{"embeddable":true,"href":"https:\/\/linitiative.ca\/International\/wp-json\/wp\/v2\/users\/1760"}],"replies":[{"embeddable":true,"href":"https:\/\/linitiative.ca\/International\/wp-json\/wp\/v2\/comments?post=65666"}],"version-history":[{"count":0,"href":"https:\/\/linitiative.ca\/International\/wp-json\/wp\/v2\/posts\/65666\/revisions"}],"wp:attachment":[{"href":"https:\/\/linitiative.ca\/International\/wp-json\/wp\/v2\/media?parent=65666"}],"wp:term":[{"taxonomy":"category","embeddable":true,"href":"https:\/\/linitiative.ca\/International\/wp-json\/wp\/v2\/categories?post=65666"},{"taxonomy":"post_tag","embeddable":true,"href":"https:\/\/linitiative.ca\/International\/wp-json\/wp\/v2\/tags?post=65666"}],"curies":[{"name":"wp","href":"https:\/\/api.w.org\/{rel}","templated":true}]}}