{"id":65671,"date":"2019-10-27T13:04:12","date_gmt":"2019-10-27T17:04:12","guid":{"rendered":"https:\/\/linitiative.ca\/International\/noyade-projete-en-ouverture-des-journees-dannaba-du-court-metrage\/"},"modified":"2019-10-27T13:04:12","modified_gmt":"2019-10-27T17:04:12","slug":"noyade-projete-en-ouverture-des-journees-dannaba-du-court-metrage","status":"publish","type":"post","link":"https:\/\/linitiative.ca\/International\/noyade-projete-en-ouverture-des-journees-dannaba-du-court-metrage\/","title":{"rendered":"\u00ab\u00a0Noyade\u00a0\u00bb projet\u00e9 en ouverture des Journ\u00e9es d\u2019Annaba du court-m\u00e9trage"},"content":{"rendered":"<div readability=\"33\">\n<p><strong>ANNABA &#8211; La 13\u00e8me \u00e9dition des journ\u00e9es d\u2019Annaba du court-m\u00e9trage (JACM) a \u00e9t\u00e9 ouverte samedi avec la projection du film \u00ab\u00a0Noyade\u00a0\u00bb du r\u00e9alisateur Hicham Khelifi de la wilaya h\u00f4te.<\/strong><\/p>\n<\/div>\n<div readability=\"66\">\n<p>\u0152uvre chor\u00e9graphique pour sa grande partie, \u00ab\u00a0Noyade\u00a0\u00bb, en lice dans la cat\u00e9gorie du court-m\u00e9trage, aborde en cinq minutes la question de l\u2019\u00e9migration au travers de la souffrance int\u00e9rieure d\u2019un jeune face aux contradictions d\u2019un rude v\u00e9cu quotidien qui oppressent ses aspirations \u00e0 une vie meilleure.<\/p>\n<p>La premi\u00e8re journ\u00e9e des JACM a donn\u00e9 lieu \u00e0 la distinction des deux cours-m\u00e9trages \u00ab\u00a0Hajar El Bez\u00a0\u00bb et \u00ab\u00a0El Metrag\u00a0\u00bb qui traitent, en quatre minutes, la souffrance du peuple alg\u00e9rien sous l\u2019occupation, pour le premier, et, pour le second, le jeu traditionnel alg\u00e9rien El Metrag.<\/p>\n<p>Des hommages ont \u00e9t\u00e9 rendus \u00e0 l\u2019occasion au com\u00e9dien Hamid Gouri et au r\u00e9alisateur Hamid Benatia, parall\u00e8lement \u00e0 la projection de s\u00e9quences des pr\u00e9c\u00e9dentes \u00e9ditions des JACM.<\/p>\n<p>La manifestation, de trois jours regroupant de jeunes cin\u00e9astes venus de plusieurs wilayas du pays, est marqu\u00e9e par l\u2019organisation, \u00e0 la maison de la culture et des arts, de deux ateliers de formation sur les techniques cin\u00e9matographiques et l\u2019art de la com\u00e9die.<\/p>\n<p>Vingt six (26) courts-m\u00e9trages sont en lice pour les trois prix des JACM accord\u00e9s aux meilleurs courts-m\u00e9trages des trois cat\u00e9gories \u00ab\u00a0fiction\u00a0\u00bb, \u00ab\u00a0documentaire\u00a0\u00bb et \u00ab\u00a0amateur\u00a0\u00bb.<\/p>\n<p>La manifestation est organis\u00e9e par la maison de la culture et des arts Mohamed Boudiaf.<\/p>\n<\/div>\n<p>Auteur:<br \/>\n<a href=\"http:\/\/www.aps.dz\/culture\/96367-noyade-projete-en-ouverture-des-journees-d-annaba-du-court-metrage\">Cliquez ici pour lire l&rsquo;article depuis sa source.<\/a><\/p>\n","protected":false},"excerpt":{"rendered":"<p>ANNABA &#8211; La 13\u00e8me \u00e9dition des journ\u00e9es d\u2019Annaba du court-m\u00e9trage (JACM) a \u00e9t\u00e9 ouverte samedi avec la projection du film \u00ab\u00a0Noyade\u00a0\u00bb du r\u00e9alisateur Hicham Khelifi de la wilaya h\u00f4te. \u0152uvre chor\u00e9graphique pour sa grande partie, \u00ab\u00a0Noyade\u00a0\u00bb, en lice dans la cat\u00e9gorie du court-m\u00e9trage, aborde en cinq minutes la question de l\u2019\u00e9migration au travers de la [&hellip;]<\/p>\n","protected":false},"author":1790,"featured_media":0,"comment_status":"closed","ping_status":"closed","sticky":false,"template":"","format":"standard","meta":{"fifu_image_url":"","fifu_image_alt":"","footnotes":""},"categories":[53,79],"tags":[],"class_list":["post-65671","post","type-post","status-publish","format-standard","hentry","category-algerie","category-culture"],"_links":{"self":[{"href":"https:\/\/linitiative.ca\/International\/wp-json\/wp\/v2\/posts\/65671","targetHints":{"allow":["GET"]}}],"collection":[{"href":"https:\/\/linitiative.ca\/International\/wp-json\/wp\/v2\/posts"}],"about":[{"href":"https:\/\/linitiative.ca\/International\/wp-json\/wp\/v2\/types\/post"}],"author":[{"embeddable":true,"href":"https:\/\/linitiative.ca\/International\/wp-json\/wp\/v2\/users\/1790"}],"replies":[{"embeddable":true,"href":"https:\/\/linitiative.ca\/International\/wp-json\/wp\/v2\/comments?post=65671"}],"version-history":[{"count":0,"href":"https:\/\/linitiative.ca\/International\/wp-json\/wp\/v2\/posts\/65671\/revisions"}],"wp:attachment":[{"href":"https:\/\/linitiative.ca\/International\/wp-json\/wp\/v2\/media?parent=65671"}],"wp:term":[{"taxonomy":"category","embeddable":true,"href":"https:\/\/linitiative.ca\/International\/wp-json\/wp\/v2\/categories?post=65671"},{"taxonomy":"post_tag","embeddable":true,"href":"https:\/\/linitiative.ca\/International\/wp-json\/wp\/v2\/tags?post=65671"}],"curies":[{"name":"wp","href":"https:\/\/api.w.org\/{rel}","templated":true}]}}