{"id":65674,"date":"2019-10-27T13:04:24","date_gmt":"2019-10-27T17:04:24","guid":{"rendered":"https:\/\/linitiative.ca\/International\/jcc-2019-le-tanit-dor-special-attribue-a-feu-nejib-ayed\/"},"modified":"2019-10-27T13:04:24","modified_gmt":"2019-10-27T17:04:24","slug":"jcc-2019-le-tanit-dor-special-attribue-a-feu-nejib-ayed","status":"publish","type":"post","link":"https:\/\/linitiative.ca\/International\/jcc-2019-le-tanit-dor-special-attribue-a-feu-nejib-ayed\/","title":{"rendered":"JCC 2019: \u00ab\u00a0le Tanit d&rsquo;or sp\u00e9cial\u00a0\u00bb attribu\u00e9 \u00e0 feu Nejib Ayed"},"content":{"rendered":"<div readability=\"33\">\n<p><strong>\u00a0TUNIS- Le \u00ab\u00a0Tanit d&rsquo;or sp\u00e9cial\u00a0\u00bb de la 26e session des Journ\u00e9es Cin\u00e9matographiques de Carthage (JCC) a \u00e9t\u00e9 attribu\u00e9 samedi soir \u00e0 feu Nejib Ayed.<\/strong><\/p>\n<\/div>\n<div readability=\"80.46924056\">\n<p>Il a \u00e9t\u00e9 remis aux membres de sa famille qui ont exprim\u00e9 leur reconnaissance pour cet hommage. Evoquant sa conception de la mort, son fils a tenu \u00e0 souligner que \u00ab\u00a0la m\u00e9moire est une lutte contre la mort. Tant qu&rsquo;on est vivant on se souviendra certainement des gens qu&rsquo;on aime pour\u00a0qu&rsquo;il demeurent toujours vivants&#8230;\u00a0\u00bb.<\/p>\n<p>Apr\u00e8s la projection d&rsquo;un spot contenant des s\u00e9quences de feu Ayed, sa veuve Najet Nabli Ayed a prononc\u00e9 une allocution \u00e0 la m\u00e9moire de son d\u00e9funt mari qui avait dirig\u00e9 les JCC pour trois \u00e9ditions cons\u00e9cutives (2017, 2018 et 2019). Elle a \u00e9voqu\u00e9 un Homme \u00ab\u00a0profond\u00e9ment engag\u00e9 dans l&rsquo;action\u00a0culturelle et cin\u00e9matographique, un engagement qui \u00e9mane de sa passion pour le 7e art et sa pure volont\u00e9 d\u00e9sint\u00e9ress\u00e9e de le voir \u00e9voluer\u00a0\u00bb. Elle a qualifi\u00e9 Nejib Ayed d'\u00a0\u00bbun soldat au service de la Culture, de l&rsquo;engagement et de la Patrie\u00a0\u00bb.<\/p>\n<p>Apr\u00e8s l&rsquo;hommage \u00e0 Ayed, un second hommage a \u00e9t\u00e9 rendu aussi \u00e0 toutes les figures du cin\u00e9ma arabe et africain r\u00e9cemment d\u00e9c\u00e9d\u00e9es.<\/p>\n<p>La Cit\u00e9 de la Culture a d\u00e9roul\u00e9, samedi soir, le tapis rouge pour les invit\u00e9s de la 30e \u00e9dition des Journ\u00e9es Cin\u00e9matographiques de Carthage (JCC) 2019, session Nejib Ayed.<\/p>\n<hr\/>\n<p>Lire aussi:\u00a0JCC: <a href=\"JCC:%20\"Papicha\">\u00ab\u00a0Papicha\u00a0\u00bb et \u00ab\u00a0Abou Lila\u00a0\u00bb en lice \u00e0 Carthage<\/a><\/p>\n<hr\/>\n<p>Organis\u00e9e du 26 octobre au 02 novembre, cette \u00e9dition des JCC est la seconde \u00e0 avoir lieu \u00e0 la Cit\u00e9 de la Culture dont les deux th\u00e9\u00e2tres abriteront la projection de tous les films, fictions et documentaires, en comp\u00e9tition officielle du festival. Au line-up de cette \u00e9dition 2019 des JCC, figure une s\u00e9lection de 170 films dont 44 en comp\u00e9tition officielle dont 12 longs-m\u00e9trages et 12 courts-m\u00e9trages de fiction en plus de 12 longs-m\u00e9trages et 8 courts documentaires).<\/p>\n<p>Trois pauses musicales ont \u00e9t\u00e9 pr\u00e9sent\u00e9es \u00e0 la soir\u00e9e avec Sabri Mosabha, une performance vocale et chor\u00e9graphique du Japon et une chanson du Chili, deux des quatre pays h\u00f4tes.<\/p>\n<p>La soir\u00e9e a pris fin par la projection, hors-comp\u00e9tition, du film \u00ab\u00a0Les \u00e9pouvantails\u00a0\u00bb (138&prime;) de Nouri Bouzid en pr\u00e9sence du r\u00e9alisateur et toute l&rsquo;\u00e9quipe du film, producteurs, acteurs et techniciens. La premi\u00e8re de cette fiction produite en 2019 a \u00e9t\u00e9 r\u00e9serv\u00e9e \u00e0 la 76e Mostra de Venise.<\/p>\n<p>Les JCC constituent la plus ancienne manifestation cin\u00e9matographique au sud de la m\u00e9diterran\u00e9e dont la fondation remonte \u00e0 1966.<\/p>\n<\/div>\n<p>Auteur:<br \/>\n<a href=\"http:\/\/www.aps.dz\/culture\/96385-jcc-2019-le-tanit-d-or-special-attribue-a-feu-nejib-ayed\">Cliquez ici pour lire l&rsquo;article depuis sa source.<\/a><\/p>\n","protected":false},"excerpt":{"rendered":"<p>\u00a0TUNIS- Le \u00ab\u00a0Tanit d&rsquo;or sp\u00e9cial\u00a0\u00bb de la 26e session des Journ\u00e9es Cin\u00e9matographiques de Carthage (JCC) a \u00e9t\u00e9 attribu\u00e9 samedi soir \u00e0 feu Nejib Ayed. Il a \u00e9t\u00e9 remis aux membres de sa famille qui ont exprim\u00e9 leur reconnaissance pour cet hommage. Evoquant sa conception de la mort, son fils a tenu \u00e0 souligner que \u00ab\u00a0la [&hellip;]<\/p>\n","protected":false},"author":1790,"featured_media":0,"comment_status":"closed","ping_status":"closed","sticky":false,"template":"","format":"standard","meta":{"fifu_image_url":"","fifu_image_alt":"","footnotes":""},"categories":[53,79],"tags":[],"class_list":["post-65674","post","type-post","status-publish","format-standard","hentry","category-algerie","category-culture"],"_links":{"self":[{"href":"https:\/\/linitiative.ca\/International\/wp-json\/wp\/v2\/posts\/65674","targetHints":{"allow":["GET"]}}],"collection":[{"href":"https:\/\/linitiative.ca\/International\/wp-json\/wp\/v2\/posts"}],"about":[{"href":"https:\/\/linitiative.ca\/International\/wp-json\/wp\/v2\/types\/post"}],"author":[{"embeddable":true,"href":"https:\/\/linitiative.ca\/International\/wp-json\/wp\/v2\/users\/1790"}],"replies":[{"embeddable":true,"href":"https:\/\/linitiative.ca\/International\/wp-json\/wp\/v2\/comments?post=65674"}],"version-history":[{"count":0,"href":"https:\/\/linitiative.ca\/International\/wp-json\/wp\/v2\/posts\/65674\/revisions"}],"wp:attachment":[{"href":"https:\/\/linitiative.ca\/International\/wp-json\/wp\/v2\/media?parent=65674"}],"wp:term":[{"taxonomy":"category","embeddable":true,"href":"https:\/\/linitiative.ca\/International\/wp-json\/wp\/v2\/categories?post=65674"},{"taxonomy":"post_tag","embeddable":true,"href":"https:\/\/linitiative.ca\/International\/wp-json\/wp\/v2\/tags?post=65674"}],"curies":[{"name":"wp","href":"https:\/\/api.w.org\/{rel}","templated":true}]}}