{"id":65675,"date":"2019-10-27T13:04:28","date_gmt":"2019-10-27T17:04:28","guid":{"rendered":"https:\/\/linitiative.ca\/International\/encourager-les-manifestations-culturelles-pour-la-promotion-du-tourisme\/"},"modified":"2019-10-27T13:04:28","modified_gmt":"2019-10-27T17:04:28","slug":"encourager-les-manifestations-culturelles-pour-la-promotion-du-tourisme","status":"publish","type":"post","link":"https:\/\/linitiative.ca\/International\/encourager-les-manifestations-culturelles-pour-la-promotion-du-tourisme\/","title":{"rendered":"Encourager les manifestations culturelles pour la promotion du tourisme"},"content":{"rendered":"<div readability=\"36\">\n<p><strong>EL-MENEA &#8211; Le ministre du Tourisme et de l\u2019Artisanat, Abdelkader Benmessaoud a appel\u00e9 dimanche depuis El-Menea (Gharda\u00efa) \u00e0 encourager l\u2019organisation de manifestations culturelles, Maoussems et f\u00eates locales pour la promotion du tourisme et de l\u2019artisanat.<\/strong><\/p>\n<\/div>\n<div readability=\"68.1116367077\">\n<p>Ces manifestations locales constituent un v\u00e9ritable levier de d\u00e9veloppement \u00e9conomique, g\u00e9n\u00e9rateur de richesses, a soulign\u00e9 le ministre au terme d\u2019une visite de travail dans la r\u00e9gion.<\/p>\n<p>L\u2019organisation de ces manifestations, maoussems et f\u00eates locales, \u00e0 l\u2019exemple de la f\u00eate du ksar d\u2019El-Golea ou la f\u00eate du m\u00e9hari, est \u00e0 m\u00eame de renforcer l\u2019attractivit\u00e9 de la r\u00e9gion et de valoriser son patrimoine mat\u00e9riel et immat\u00e9riel, a-t-il pr\u00e9cis\u00e9 en soulignant la ferme volont\u00e9 des pouvoirs publics de \u00ab\u00a0d\u00e9velopper la r\u00e9gion \u00e0 tous les niveaux\u00a0\u00bb.<\/p>\n<blockquote readability=\"7\">\n<p><em><strong>L\u2019importance que rev\u00eat la coordination entre les diff\u00e9rents secteurs concern\u00e9s afin de promouvoir le secteur touristique a \u00e9t\u00e9 \u00e9galement soulign\u00e9e par le ministre qui pr\u00e9cise que l\u2019artisanat est une composante importante de la culture nationale.<\/strong><\/em><\/p>\n<\/blockquote>\n<hr\/>\n<h3>Lire aussi:\u00a0<a href=\"http:\/\/www.aps.dz\/culture\/96360-valoriser-le-patrimoine-materiel-et-immateriel-du-sud-pour-un-developpement-durable\" target=\"_blank\" rel=\"noopener noreferrer\">Valoriser le patrimoine mat\u00e9riel et immat\u00e9riel du sud pour un d\u00e9veloppement durable<\/a><\/h3>\n<hr\/>\n<p>Connue par l&rsquo;hospitalit\u00e9 l\u00e9gendaire de sa population, sa richesse culturelle, son art culinaire, son potentiel touristique \u00e9norme et sa position g\u00e9ographique, la wilaya de Gharda\u00efa est incontestablement \u00ab\u00a0une destination touristique par excellence\u00a0\u00bb, a relev\u00e9 M.Benmessaoud.<\/p>\n<p>Il a \u00e9galement mis l&rsquo;accent sur la diversit\u00e9 naturelle et culturelle qui marque la r\u00e9gion et en fait un territoire propice pour le d\u00e9veloppement des activit\u00e9s touristiques, appelant \u00e0 accorder une attention particuli\u00e8re au d\u00e9veloppement des activit\u00e9s culturelles enrichissant l&rsquo;offre touristique.<\/p>\n<p>\u00ab\u00a0Il va sans dire que la pr\u00e9servation et le rayonnement de l&rsquo;h\u00e9ritage culturel occupent une place de choix dans le d\u00e9veloppement du tourisme de la r\u00e9gion d\u2019El-Menea connue aussi pour sa diversit\u00e9 biologique de son \u00e9cosyst\u00e8me et sa zone humide \u00ab\u00a0Sabkha El-Malleh\u00a0\u00bb class\u00e9e zone humide d\u2019importance internationale en 2004 au titre de la convention de Ramsar.<\/p>\n<p>Auparavant le ministre a visit\u00e9 un complexe thermal dans la localit\u00e9 de Zelfana avant de se rendre dans la wilaya d\u00e9l\u00e9gu\u00e9e d\u2019El-Menea o\u00f9 il a inspect\u00e9 le jardin \u00ab\u00a0Maata Moulana\u00a0\u00bb, le mus\u00e9e d\u2019El-Menea et l\u2019h\u00f4tel El-Boustane.<\/p>\n<\/div>\n<p>Auteur:<br \/>\n<a href=\"http:\/\/www.aps.dz\/culture\/96409-encourager-les-manifestations-culturelles-pour-la-promotion-du-tourisme\">Cliquez ici pour lire l&rsquo;article depuis sa source.<\/a><\/p>\n","protected":false},"excerpt":{"rendered":"<p>EL-MENEA &#8211; Le ministre du Tourisme et de l\u2019Artisanat, Abdelkader Benmessaoud a appel\u00e9 dimanche depuis El-Menea (Gharda\u00efa) \u00e0 encourager l\u2019organisation de manifestations culturelles, Maoussems et f\u00eates locales pour la promotion du tourisme et de l\u2019artisanat. Ces manifestations locales constituent un v\u00e9ritable levier de d\u00e9veloppement \u00e9conomique, g\u00e9n\u00e9rateur de richesses, a soulign\u00e9 le ministre au terme d\u2019une [&hellip;]<\/p>\n","protected":false},"author":1790,"featured_media":0,"comment_status":"closed","ping_status":"closed","sticky":false,"template":"","format":"standard","meta":{"fifu_image_url":"","fifu_image_alt":"","footnotes":""},"categories":[53,79],"tags":[],"class_list":["post-65675","post","type-post","status-publish","format-standard","hentry","category-algerie","category-culture"],"_links":{"self":[{"href":"https:\/\/linitiative.ca\/International\/wp-json\/wp\/v2\/posts\/65675","targetHints":{"allow":["GET"]}}],"collection":[{"href":"https:\/\/linitiative.ca\/International\/wp-json\/wp\/v2\/posts"}],"about":[{"href":"https:\/\/linitiative.ca\/International\/wp-json\/wp\/v2\/types\/post"}],"author":[{"embeddable":true,"href":"https:\/\/linitiative.ca\/International\/wp-json\/wp\/v2\/users\/1790"}],"replies":[{"embeddable":true,"href":"https:\/\/linitiative.ca\/International\/wp-json\/wp\/v2\/comments?post=65675"}],"version-history":[{"count":0,"href":"https:\/\/linitiative.ca\/International\/wp-json\/wp\/v2\/posts\/65675\/revisions"}],"wp:attachment":[{"href":"https:\/\/linitiative.ca\/International\/wp-json\/wp\/v2\/media?parent=65675"}],"wp:term":[{"taxonomy":"category","embeddable":true,"href":"https:\/\/linitiative.ca\/International\/wp-json\/wp\/v2\/categories?post=65675"},{"taxonomy":"post_tag","embeddable":true,"href":"https:\/\/linitiative.ca\/International\/wp-json\/wp\/v2\/tags?post=65675"}],"curies":[{"name":"wp","href":"https:\/\/api.w.org\/{rel}","templated":true}]}}