{"id":65677,"date":"2019-10-27T07:27:00","date_gmt":"2019-10-27T11:27:00","guid":{"rendered":"https:\/\/linitiative.ca\/International\/un-taux-de-suivi-de-96-selon-le-snm\/"},"modified":"2019-10-27T07:27:00","modified_gmt":"2019-10-27T11:27:00","slug":"un-taux-de-suivi-de-96-selon-le-snm","status":"publish","type":"post","link":"https:\/\/linitiative.ca\/International\/un-taux-de-suivi-de-96-selon-le-snm\/","title":{"rendered":"Un taux de suivi de 96 % selon le SNM"},"content":{"rendered":"<div id=\"originalText\" readability=\"51\">\n<p>L\u2019appel \u00e0 la gr\u00e8ve du syndicat national des magistrats, pour ce dimanche, a enregistr\u00e9 un taux de suivi de 96 %, selon un communiqu\u00e9 rendu public par le SNM.<\/p>\n<p>Un seul un membre de la cour de justice de Tindouf s\u2019est d\u00e9solidaris\u00e9 avec ses coll\u00e8gues. En attendant de le traduire devant le conseil de discipline, son adh\u00e9sion a \u00e9t\u00e9 suspendue du syndicat, affirme la m\u00eame source.<\/p>\n<p>Pour rappel, cette gr\u00e8ve a \u00e9t\u00e9 d\u00e9clench\u00e9e suite au mouvement op\u00e9r\u00e9, jeudi dernier, par la tutelle, dans le corps de la justice, et qui a touch\u00e9 environ 3000 magistrats. Le SNM a accus\u00e9 le d\u00e9partement de Belkacem Zeghmati de vouloir \u00abd\u00e9stabiliser les structures du syndicat\u00bb.<\/p>\n<p class=\"c10\"><strong>R\u00e9daction Web\u00a0<\/strong><\/p>\n<\/div>\n<div id=\"text_core\" readability=\"51\">\n<p>L\u2019appel \u00e0 la gr\u00e8ve du syndicat national des magistrats, pour ce dimanche, a enregistr\u00e9 un taux de suivi de 96 %, selon un communiqu\u00e9 rendu public par le SNM.<\/p>\n<p>Un seul un membre de la cour de justice de Tindouf s\u2019est d\u00e9solidaris\u00e9 avec ses coll\u00e8gues. En attendant de le traduire devant le conseil de discipline, son adh\u00e9sion a \u00e9t\u00e9 suspendue du syndicat, affirme la m\u00eame source.<\/p>\n<p>Pour rappel, cette gr\u00e8ve a \u00e9t\u00e9 d\u00e9clench\u00e9e suite au mouvement op\u00e9r\u00e9, jeudi dernier, par la tutelle, dans le corps de la justice, et qui a touch\u00e9 environ 3000 magistrats. Le SNM a accus\u00e9 le d\u00e9partement de Belkacem Zeghmati de vouloir \u00abd\u00e9stabiliser les structures du syndicat\u00bb.<\/p>\n<p class=\"c10\"><strong>R\u00e9daction Web\u00a0<\/strong><\/p>\n<\/div>\n<p>Auteur:<br \/>\n<a href=\"https:\/\/www.liberte-algerie.com\/actualite\/un-taux-de-suivi-de-96-selon-le-snm-326817\">Cliquez ici pour lire l&rsquo;article depuis sa source.<\/a><\/p>\n","protected":false},"excerpt":{"rendered":"<p>L\u2019appel \u00e0 la gr\u00e8ve du syndicat national des magistrats, pour ce dimanche, a enregistr\u00e9 un taux de suivi de 96 %, selon un communiqu\u00e9 rendu public par le SNM. Un seul un membre de la cour de justice de Tindouf s\u2019est d\u00e9solidaris\u00e9 avec ses coll\u00e8gues. En attendant de le traduire devant le conseil de discipline, [&hellip;]<\/p>\n","protected":false},"author":1742,"featured_media":0,"comment_status":"closed","ping_status":"closed","sticky":false,"template":"","format":"standard","meta":{"fifu_image_url":"","fifu_image_alt":"","footnotes":""},"categories":[73,53],"tags":[],"class_list":["post-65677","post","type-post","status-publish","format-standard","hentry","category-actualite","category-algerie"],"_links":{"self":[{"href":"https:\/\/linitiative.ca\/International\/wp-json\/wp\/v2\/posts\/65677","targetHints":{"allow":["GET"]}}],"collection":[{"href":"https:\/\/linitiative.ca\/International\/wp-json\/wp\/v2\/posts"}],"about":[{"href":"https:\/\/linitiative.ca\/International\/wp-json\/wp\/v2\/types\/post"}],"author":[{"embeddable":true,"href":"https:\/\/linitiative.ca\/International\/wp-json\/wp\/v2\/users\/1742"}],"replies":[{"embeddable":true,"href":"https:\/\/linitiative.ca\/International\/wp-json\/wp\/v2\/comments?post=65677"}],"version-history":[{"count":0,"href":"https:\/\/linitiative.ca\/International\/wp-json\/wp\/v2\/posts\/65677\/revisions"}],"wp:attachment":[{"href":"https:\/\/linitiative.ca\/International\/wp-json\/wp\/v2\/media?parent=65677"}],"wp:term":[{"taxonomy":"category","embeddable":true,"href":"https:\/\/linitiative.ca\/International\/wp-json\/wp\/v2\/categories?post=65677"},{"taxonomy":"post_tag","embeddable":true,"href":"https:\/\/linitiative.ca\/International\/wp-json\/wp\/v2\/tags?post=65677"}],"curies":[{"name":"wp","href":"https:\/\/api.w.org\/{rel}","templated":true}]}}