{"id":65680,"date":"2019-10-27T12:19:00","date_gmt":"2019-10-27T16:19:00","guid":{"rendered":"https:\/\/linitiative.ca\/International\/le-conseil-superieur-de-la-magistrature-gele-le-mouvement-de-zeghmati\/"},"modified":"2019-10-27T12:19:00","modified_gmt":"2019-10-27T16:19:00","slug":"le-conseil-superieur-de-la-magistrature-gele-le-mouvement-de-zeghmati","status":"publish","type":"post","link":"https:\/\/linitiative.ca\/International\/le-conseil-superieur-de-la-magistrature-gele-le-mouvement-de-zeghmati\/","title":{"rendered":"Le Conseil sup\u00e9rieur de la magistrature g\u00e8le le mouvement de Zeghmati"},"content":{"rendered":"<div id=\"originalText\" readability=\"65\">\n<p>Le Conseil sup\u00e9rieur de la magistrature a apport\u00e9, ce dimanche, son soutien \u00e0 la gr\u00e8ve des magistrats et a gel\u00e9 le mouvement op\u00e9r\u00e9 jeudi, dans le corps de la justice, par le ministre de de tutelle Belkacem Zeghmati.<\/p>\n<p>Dans un communiqu\u00e9 rendu public cet apr\u00e8s-midi, et sign\u00e9 par douze membres, le Conseil sup\u00e9rieur de la magistrature \u00a0a, en effet, annonc\u00e9 \u00able gel des transferts, tout en maintenant sa session ouverte\u00a0\u00bb, et ce \u00ab\u00a0jusqu\u2019\u00e0 ce que le mouvement soit r\u00e9examin\u00e9 conform\u00e9ment \u00e0 la loi\u00a0\u00bb.<\/p>\n<p>Dans le m\u00eame communiqu\u00e9, le Conseil s\u2019est adress\u00e9 aux magistrats en pr\u00e9cisant qu\u2019il n\u2019a pas pu \u00abexercer ses pouvoirs l\u00e9gaux pour pr\u00e9parer le rapport annuel sur le mouvement op\u00e9r\u00e9 le 24 octobre\u00a0\u00bb et que \u00a0son r\u00f4le s\u2019est limit\u00e9 \u00ab\u00e0 la consultation de la liste finale \u00e9labor\u00e9e pr\u00e9alablement par le minist\u00e8re de la Justice\u00a0\u00bb.<\/p>\n<p>Par ailleurs, le pr\u00e9sident du syndicat des magistrats, Issad Mabrouk, a fait savoir, dans une d\u00e9claration \u00e0 \u00a0\u00a0\u00ab\u00a0Libert\u00e9\u00a0\u00bb, que son syndicat se r\u00e9unit demain lundi pour examiner les suites \u00e0 donner \u00e0 ce mouvement de gr\u00e8ve, \u00a0qui a enregistr\u00e9 un taux de suivi de 96%, \u00e0 son premier jour.<\/p>\n<p class=\"c10\"><strong>S.B<\/strong><\/p>\n<\/div>\n<div id=\"text_core\" readability=\"65\">\n<p>Le Conseil sup\u00e9rieur de la magistrature a apport\u00e9, ce dimanche, son soutien \u00e0 la gr\u00e8ve des magistrats et a gel\u00e9 le mouvement op\u00e9r\u00e9 jeudi, dans le corps de la justice, par le ministre de de tutelle Belkacem Zeghmati.<\/p>\n<p>Dans un communiqu\u00e9 rendu public cet apr\u00e8s-midi, et sign\u00e9 par douze membres, le Conseil sup\u00e9rieur de la magistrature \u00a0a, en effet, annonc\u00e9 \u00able gel des transferts, tout en maintenant sa session ouverte\u00a0\u00bb, et ce \u00ab\u00a0jusqu\u2019\u00e0 ce que le mouvement soit r\u00e9examin\u00e9 conform\u00e9ment \u00e0 la loi\u00a0\u00bb.<\/p>\n<p>Dans le m\u00eame communiqu\u00e9, le Conseil s\u2019est adress\u00e9 aux magistrats en pr\u00e9cisant qu\u2019il n\u2019a pas pu \u00abexercer ses pouvoirs l\u00e9gaux pour pr\u00e9parer le rapport annuel sur le mouvement op\u00e9r\u00e9 le 24 octobre\u00a0\u00bb et que \u00a0son r\u00f4le s\u2019est limit\u00e9 \u00ab\u00e0 la consultation de la liste finale \u00e9labor\u00e9e pr\u00e9alablement par le minist\u00e8re de la Justice\u00a0\u00bb.<\/p>\n<p>Par ailleurs, le pr\u00e9sident du syndicat des magistrats, Issad Mabrouk, a fait savoir, dans une d\u00e9claration \u00e0 \u00a0\u00a0\u00ab\u00a0Libert\u00e9\u00a0\u00bb, que son syndicat se r\u00e9unit demain lundi pour examiner les suites \u00e0 donner \u00e0 ce mouvement de gr\u00e8ve, \u00a0qui a enregistr\u00e9 un taux de suivi de 96%, \u00e0 son premier jour.<\/p>\n<p class=\"c10\"><strong>S.B<\/strong><\/p>\n<\/div>\n<p>Auteur:<br \/>\n<a href=\"https:\/\/www.liberte-algerie.com\/actualite\/le-conseil-superieur-de-la-magistrature-gele-le-mouvement-de-zeghmati-326819\">Cliquez ici pour lire l&rsquo;article depuis sa source.<\/a><\/p>\n","protected":false},"excerpt":{"rendered":"<p>Le Conseil sup\u00e9rieur de la magistrature a apport\u00e9, ce dimanche, son soutien \u00e0 la gr\u00e8ve des magistrats et a gel\u00e9 le mouvement op\u00e9r\u00e9 jeudi, dans le corps de la justice, par le ministre de de tutelle Belkacem Zeghmati. Dans un communiqu\u00e9 rendu public cet apr\u00e8s-midi, et sign\u00e9 par douze membres, le Conseil sup\u00e9rieur de la [&hellip;]<\/p>\n","protected":false},"author":1742,"featured_media":0,"comment_status":"closed","ping_status":"closed","sticky":false,"template":"","format":"standard","meta":{"fifu_image_url":"","fifu_image_alt":"","footnotes":""},"categories":[73,53],"tags":[],"class_list":["post-65680","post","type-post","status-publish","format-standard","hentry","category-actualite","category-algerie"],"_links":{"self":[{"href":"https:\/\/linitiative.ca\/International\/wp-json\/wp\/v2\/posts\/65680","targetHints":{"allow":["GET"]}}],"collection":[{"href":"https:\/\/linitiative.ca\/International\/wp-json\/wp\/v2\/posts"}],"about":[{"href":"https:\/\/linitiative.ca\/International\/wp-json\/wp\/v2\/types\/post"}],"author":[{"embeddable":true,"href":"https:\/\/linitiative.ca\/International\/wp-json\/wp\/v2\/users\/1742"}],"replies":[{"embeddable":true,"href":"https:\/\/linitiative.ca\/International\/wp-json\/wp\/v2\/comments?post=65680"}],"version-history":[{"count":0,"href":"https:\/\/linitiative.ca\/International\/wp-json\/wp\/v2\/posts\/65680\/revisions"}],"wp:attachment":[{"href":"https:\/\/linitiative.ca\/International\/wp-json\/wp\/v2\/media?parent=65680"}],"wp:term":[{"taxonomy":"category","embeddable":true,"href":"https:\/\/linitiative.ca\/International\/wp-json\/wp\/v2\/categories?post=65680"},{"taxonomy":"post_tag","embeddable":true,"href":"https:\/\/linitiative.ca\/International\/wp-json\/wp\/v2\/tags?post=65680"}],"curies":[{"name":"wp","href":"https:\/\/api.w.org\/{rel}","templated":true}]}}