{"id":65681,"date":"2019-10-27T12:03:26","date_gmt":"2019-10-27T16:03:26","guid":{"rendered":"https:\/\/linitiative.ca\/International\/oran-vers-le-recours-a-la-seor-pour-traiter-certains-dechets-industriels\/"},"modified":"2019-10-27T12:03:26","modified_gmt":"2019-10-27T16:03:26","slug":"oran-vers-le-recours-a-la-seor-pour-traiter-certains-dechets-industriels","status":"publish","type":"post","link":"https:\/\/linitiative.ca\/International\/oran-vers-le-recours-a-la-seor-pour-traiter-certains-dechets-industriels\/","title":{"rendered":"Oran : vers le recours \u00e0 la SEOR pour traiter certains d\u00e9chets industriels"},"content":{"rendered":"<p><span class=\"sp-nh-title\">Affaires religieuses: vers la cr\u00e9ation d&rsquo;une instance nationale de la recherche scientifique et des activit\u00e9s culturelles<\/span> &#8211; <span class=\"sp-nh-date\">dimanche 27 octobre 2019 19:09<\/span><\/p>\n<p><span class=\"sp-nh-title\">Coup d\u2019envoi de la 12e \u00e9dition du salon national des arts plastiques Abdelhalim Hemch<\/span> &#8211; <span class=\"sp-nh-date\">dimanche 27 octobre 2019 19:03<\/span><\/p>\n<p><span class=\"sp-nh-title\">Souk Ahras: transit de plus de 20 000 passagers \u00e9trangers en octobre<\/span> &#8211; <span class=\"sp-nh-date\">dimanche 27 octobre 2019 18:25<\/span><\/p>\n<p><span class=\"sp-nh-title\">Tissemsilt: pour l\u2019exploitation des terres en jach\u00e8re pour diversifier la production agricole<\/span> &#8211; <span class=\"sp-nh-date\">dimanche 27 octobre 2019 18:24<\/span><\/p>\n<p><span class=\"sp-nh-title\">Hauts plateaux-Sud: 98 milliards DA consacr\u00e9s \u00e0 l\u2019am\u00e9nagement de lotissements sociaux<\/span> &#8211; <span class=\"sp-nh-date\">dimanche 27 octobre 2019 18:22<\/span><\/p>\n<p><span class=\"sp-nh-title\">Sport scolaire: la difficult\u00e9 sera de trouver un nombre suffisant d&rsquo;encadreurs<\/span> &#8211; <span class=\"sp-nh-date\">dimanche 27 octobre 2019 18:10<\/span><\/p>\n<p><span class=\"sp-nh-title\">Projet de r\u00e9alisation de 08 quais flottants \u00e0 El Djemila d&rsquo;Alger<\/span> &#8211; <span class=\"sp-nh-date\">dimanche 27 octobre 2019 18:07<\/span><\/p>\n<p><span class=\"sp-nh-title\">Les massacres du 17 octobre 1961 qualifi\u00e9s de crime d\u2019Etat<\/span> &#8211; <span class=\"sp-nh-date\">dimanche 27 octobre 2019 18:03<\/span><\/p>\n<p><span class=\"sp-nh-title\">Conjuguer les efforts pour appliquer les nouvelles proc\u00e9dures d&#8217;emploi dans le Sud<\/span> &#8211; <span class=\"sp-nh-date\">dimanche 27 octobre 2019 17:45<\/span><\/p>\n<p><span class=\"sp-nh-title\">Badminton\/Tournoi international Open: l&rsquo;Alg\u00e9rie remporte 4 m\u00e9dailles<\/span> &#8211; <span class=\"sp-nh-date\">dimanche 27 octobre 2019 17:41<\/span><\/p>\n<p><span class=\"sp-nh-title\">Fnides Ben Bella nouveau directeur g\u00e9n\u00e9ral du quotidien Echa\u00e2b<\/span> &#8211; <span class=\"sp-nh-date\">dimanche 27 octobre 2019 17:31<\/span><\/p>\n<p><span class=\"sp-nh-title\">Ga\u00efd Salah souligne l&rsquo;importance de la modernisation des Forces arm\u00e9es<\/span> &#8211; <span class=\"sp-nh-date\">dimanche 27 octobre 2019 17:22<\/span><\/p>\n<p><span class=\"sp-nh-title\">Foot\/Coupe de la CAF (1\/16 de finale bis &#8211; aller): Kampala City &#8211; Paradou AC (0-0)<\/span> &#8211; <span class=\"sp-nh-date\">dimanche 27 octobre 2019 17:11<\/span><\/p>\n<p><span class=\"sp-nh-title\">Elaboration de plus de 10.000 normes relatives aux produits alg\u00e9riens<\/span> &#8211; <span class=\"sp-nh-date\">dimanche 27 octobre 2019 17:11<\/span><\/p>\n<p><span class=\"sp-nh-title\">Oran : vers le recours \u00e0 la SEOR pour traiter certains d\u00e9chets industriels<\/span> &#8211; <span class=\"sp-nh-date\">dimanche 27 octobre 2019 17:03<\/span><\/p>\n<p><span class=\"sp-nh-title\">Une \u00e9quipe m\u00e9dicale franco-alg\u00e9rienne \u00e0 M\u00e9d\u00e9a pour des interventions chirurgicales pointues<\/span> &#8211; <span class=\"sp-nh-date\">dimanche 27 octobre 2019 17:03<\/span><\/p>\n<p><span class=\"sp-nh-title\">Jeux olympiques 2020 \/ Athl\u00e9tisme: \u00a0\u00bbLa pr\u00e9paration se fera en altitude\u00a0\u00bb<\/span> &#8211; <span class=\"sp-nh-date\">dimanche 27 octobre 2019 16:57<\/span><\/p>\n<p><span class=\"sp-nh-title\">Ghlamallah participe une conf\u00e9rence internationale sur le discours de haine<\/span> &#8211; <span class=\"sp-nh-date\">dimanche 27 octobre 2019 16:49<\/span><\/p>\n<p><span class=\"sp-nh-title\">Encourager les manifestations culturelles pour la promotion du tourisme<\/span> &#8211; <span class=\"sp-nh-date\">dimanche 27 octobre 2019 16:48<\/span><\/p>\n<p><span class=\"sp-nh-title\">Le projet de voie ferr\u00e9e Laghouat-Djelfa livr\u00e9 avant la fin de 2020<\/span> &#8211; <span class=\"sp-nh-date\">dimanche 27 octobre 2019 16:32<\/span><\/p>\n<p>Auteur:<br \/>\n<a href=\"http:\/\/www.aps.dz\/regions\/96412-oran-vers-le-recours-a-la-seor-pour-traiter-certains-dechets-industriels\">Cliquez ici pour lire l&rsquo;article depuis sa source.<\/a><\/p>\n","protected":false},"excerpt":{"rendered":"<p>Affaires religieuses: vers la cr\u00e9ation d&rsquo;une instance nationale de la recherche scientifique et des activit\u00e9s culturelles &#8211; dimanche 27 octobre 2019 19:09 Coup d\u2019envoi de la 12e \u00e9dition du salon national des arts plastiques Abdelhalim Hemch &#8211; dimanche 27 octobre 2019 19:03 Souk Ahras: transit de plus de 20 000 passagers \u00e9trangers en octobre &#8211; [&hellip;]<\/p>\n","protected":false},"author":1790,"featured_media":0,"comment_status":"closed","ping_status":"closed","sticky":false,"template":"","format":"standard","meta":{"fifu_image_url":"","fifu_image_alt":"","footnotes":""},"categories":[53,76],"tags":[],"class_list":["post-65681","post","type-post","status-publish","format-standard","hentry","category-algerie","category-regions"],"_links":{"self":[{"href":"https:\/\/linitiative.ca\/International\/wp-json\/wp\/v2\/posts\/65681","targetHints":{"allow":["GET"]}}],"collection":[{"href":"https:\/\/linitiative.ca\/International\/wp-json\/wp\/v2\/posts"}],"about":[{"href":"https:\/\/linitiative.ca\/International\/wp-json\/wp\/v2\/types\/post"}],"author":[{"embeddable":true,"href":"https:\/\/linitiative.ca\/International\/wp-json\/wp\/v2\/users\/1790"}],"replies":[{"embeddable":true,"href":"https:\/\/linitiative.ca\/International\/wp-json\/wp\/v2\/comments?post=65681"}],"version-history":[{"count":0,"href":"https:\/\/linitiative.ca\/International\/wp-json\/wp\/v2\/posts\/65681\/revisions"}],"wp:attachment":[{"href":"https:\/\/linitiative.ca\/International\/wp-json\/wp\/v2\/media?parent=65681"}],"wp:term":[{"taxonomy":"category","embeddable":true,"href":"https:\/\/linitiative.ca\/International\/wp-json\/wp\/v2\/categories?post=65681"},{"taxonomy":"post_tag","embeddable":true,"href":"https:\/\/linitiative.ca\/International\/wp-json\/wp\/v2\/tags?post=65681"}],"curies":[{"name":"wp","href":"https:\/\/api.w.org\/{rel}","templated":true}]}}