{"id":65682,"date":"2019-10-27T12:45:46","date_gmt":"2019-10-27T16:45:46","guid":{"rendered":"https:\/\/linitiative.ca\/International\/conjuguer-les-efforts-pour-appliquer-les-nouvelles-procedures-demploi-dans-le-sud\/"},"modified":"2019-10-27T12:45:46","modified_gmt":"2019-10-27T16:45:46","slug":"conjuguer-les-efforts-pour-appliquer-les-nouvelles-procedures-demploi-dans-le-sud","status":"publish","type":"post","link":"https:\/\/linitiative.ca\/International\/conjuguer-les-efforts-pour-appliquer-les-nouvelles-procedures-demploi-dans-le-sud\/","title":{"rendered":"Conjuguer les efforts pour appliquer les nouvelles proc\u00e9dures d&#8217;emploi dans le Sud"},"content":{"rendered":"<div readability=\"36\">\n<p><strong>OUARGLA &#8211; Les participants \u00e0 une journ\u00e9e d&rsquo;\u00e9tude d\u00e9di\u00e9e \u00e0 la vulgarisation de la circulaire interminist\u00e9rielle du 11 janvier 2017, ont mis en avant l&rsquo;importance d&rsquo;une conjugaison des efforts pour appliquer les nouvelles proc\u00e9dures de s\u00e9lection et de recrutement ainsi que le renforcement de la formation par l&rsquo;apprentissage dans les wilayas du Sud.<\/strong><\/p>\n<\/div>\n<div readability=\"102.562952742\">\n<p>Le directeur de l&rsquo;Emploi de la wilaya d&rsquo;Ouargla a soulign\u00e9, dans une intervention explicative de la circulaire, la n\u00e9cessaire contribution de tous les acteurs du secteur de l&rsquo;Emploi pour la mise en \u0153uvre effective, au d\u00e9but du mois de novembre prochain, de ces proc\u00e9dures.<\/p>\n<p>Bou\u00e2mama Daki a fait savoir, \u00e0 ce titre, que la wilaya d&rsquo;Ouargla a \u00e9t\u00e9 retenue, apr\u00e8s celle d&rsquo;Illizi, comme r\u00e9gion \u00a0\u00bbpilote\u00a0\u00bb pour la mise en \u0153uvre de ces proc\u00e9dures visant \u00e0 r\u00e9soudre le probl\u00e8me du ch\u00f4mage dans la r\u00e9gion ainsi qu&rsquo;\u00e0 assurer une gestion ferme et transparente du march\u00e9 de l&#8217;emploi en vue de faciliter l&rsquo;insertion professionnelle des demandeurs d&#8217;emploi dans la r\u00e9gion.<\/p>\n<p>Evoquant les contraintes entravant le dossier de l&#8217;emploi dans la wilaya d&rsquo;Ouargla, une wilaya qui connait un grand nombre de mouvements de protestations, le responsable a indiqu\u00e9 qu&rsquo;elles \u00e9taient inh\u00e9rentes \u00e0 certains obstacles et conditions difficiles \u00e0 remplir impos\u00e9es par certaines entreprises dans leurs offres de travail.<\/p>\n<p>Les agences de l&rsquo;Emploi dans la wilaya d&rsquo;Ouargla sont face \u00e0 de s\u00e9rieux d\u00e9fis en termes de gestion et d&rsquo;interm\u00e9diation dans l&rsquo;op\u00e9ration de recrutement et d&rsquo;octroi de facilit\u00e9s aux demandeurs d&#8217;emploi, leur permettant d&rsquo;obtenir un poste de travail en fonction des offres existantes, a-t-il signal\u00e9.<\/p>\n<hr\/>\n<h3>Lire aussi:\u00a0<a href=\"http:\/\/www.aps.dz\/economie\/96401-cacobatph-generalisation-de-l-indemnisation-du-chomage-lie-a-la-canicule-a-toutes-les-wilayas\" target=\"_blank\" rel=\"noopener noreferrer\">CACOBATPH: g\u00e9n\u00e9raliser l&rsquo;indemnisation du ch\u00f4mage li\u00e9 \u00e0 la canicule \u00e0 toutes les wilayas<\/a><\/h3>\n<hr\/>\n<p>M. Daki a, dans ce cadre, fait \u00e9tat du d\u00e9roulement \u00e0 l&rsquo;avenir des examens de s\u00e9lection pour les offres d&#8217;emploi au niveau des centres de formation professionnelle \u00e0 Ouargla, Hassi-Messaoud et Touggourt, sous la supervision d&rsquo;une commission compos\u00e9e des repr\u00e9sentants du wali, de la direction de l&rsquo;Emploi, de l&rsquo;inspection du travail, du centre de la formation professionnelle et de l&rsquo;agence de l&#8217;emploi de la wilaya pour suivre le d\u00e9roulement des examens.<\/p>\n<p>Il a fait part \u00e9galement de la mise en place prochainement d&rsquo;une cellule charg\u00e9e de l&rsquo;accueil, par voie \u00e9lectronique (Email), des offres de travail au niveau de l&rsquo;agence de l&rsquo;Emploi de la wilaya dans le but d&rsquo;h\u00e2ter l&rsquo;\u00e9tude des offres et de l&rsquo;organisation des examens et de s\u00e9lection.<\/p>\n<p>Les nouvelles proc\u00e9dures de s\u00e9lection et de recrutement de la main d&rsquo;\u0153uvre, et du renforcement de la formation par l&rsquo;apprentissage dans les wilayas du Sud,\u00a0 pr\u00e9vues dans la circulaire interminist\u00e9rielle, concernent les wilayas d&rsquo;Adrar, Biskra, B\u00e9char, Tamanrasset, Ouargla, Illizi, El-Oued, Laghouat, Gharda\u00efa et Tindouf, a rappel\u00e9 le responsable.<\/p>\n<p>Organis\u00e9e \u00e0 l&rsquo;initiative de la direction de l&rsquo;Emploi de la wilaya d&rsquo;Ouargla, la journ\u00e9e d&rsquo;\u00e9tude, qui a eu pour cadre l&rsquo;universit\u00e9 Kasdi Merbah, s&rsquo;est d\u00e9roul\u00e9e en pr\u00e9sence de repr\u00e9sentants des entreprises nationales et \u00e9trang\u00e8res, de soci\u00e9t\u00e9 de sous-traitance activant dans la r\u00e9gion, en plus des associations concern\u00e9es par le dossier de l&#8217;emploi.<\/p>\n<\/div>\n<p>Auteur:<br \/>\n<a href=\"http:\/\/www.aps.dz\/regions\/96419-conjuguer-les-efforts-pour-appliquer-les-nouvelles-procedures-d-emploi-dans-le-sud\">Cliquez ici pour lire l&rsquo;article depuis sa source.<\/a><\/p>\n","protected":false},"excerpt":{"rendered":"<p>OUARGLA &#8211; Les participants \u00e0 une journ\u00e9e d&rsquo;\u00e9tude d\u00e9di\u00e9e \u00e0 la vulgarisation de la circulaire interminist\u00e9rielle du 11 janvier 2017, ont mis en avant l&rsquo;importance d&rsquo;une conjugaison des efforts pour appliquer les nouvelles proc\u00e9dures de s\u00e9lection et de recrutement ainsi que le renforcement de la formation par l&rsquo;apprentissage dans les wilayas du Sud. Le directeur [&hellip;]<\/p>\n","protected":false},"author":1790,"featured_media":0,"comment_status":"closed","ping_status":"closed","sticky":false,"template":"","format":"standard","meta":{"fifu_image_url":"","fifu_image_alt":"","footnotes":""},"categories":[53,76],"tags":[],"class_list":["post-65682","post","type-post","status-publish","format-standard","hentry","category-algerie","category-regions"],"_links":{"self":[{"href":"https:\/\/linitiative.ca\/International\/wp-json\/wp\/v2\/posts\/65682","targetHints":{"allow":["GET"]}}],"collection":[{"href":"https:\/\/linitiative.ca\/International\/wp-json\/wp\/v2\/posts"}],"about":[{"href":"https:\/\/linitiative.ca\/International\/wp-json\/wp\/v2\/types\/post"}],"author":[{"embeddable":true,"href":"https:\/\/linitiative.ca\/International\/wp-json\/wp\/v2\/users\/1790"}],"replies":[{"embeddable":true,"href":"https:\/\/linitiative.ca\/International\/wp-json\/wp\/v2\/comments?post=65682"}],"version-history":[{"count":0,"href":"https:\/\/linitiative.ca\/International\/wp-json\/wp\/v2\/posts\/65682\/revisions"}],"wp:attachment":[{"href":"https:\/\/linitiative.ca\/International\/wp-json\/wp\/v2\/media?parent=65682"}],"wp:term":[{"taxonomy":"category","embeddable":true,"href":"https:\/\/linitiative.ca\/International\/wp-json\/wp\/v2\/categories?post=65682"},{"taxonomy":"post_tag","embeddable":true,"href":"https:\/\/linitiative.ca\/International\/wp-json\/wp\/v2\/tags?post=65682"}],"curies":[{"name":"wp","href":"https:\/\/api.w.org\/{rel}","templated":true}]}}