{"id":65683,"date":"2019-10-27T13:07:24","date_gmt":"2019-10-27T17:07:24","guid":{"rendered":"https:\/\/linitiative.ca\/International\/projet-de-realisation-de-08-quais-flottants-a-el-djemila-dalger\/"},"modified":"2019-10-27T13:07:24","modified_gmt":"2019-10-27T17:07:24","slug":"projet-de-realisation-de-08-quais-flottants-a-el-djemila-dalger","status":"publish","type":"post","link":"https:\/\/linitiative.ca\/International\/projet-de-realisation-de-08-quais-flottants-a-el-djemila-dalger\/","title":{"rendered":"Projet de r\u00e9alisation de 08 quais flottants \u00e0 El Djemila d&rsquo;Alger"},"content":{"rendered":"<div readability=\"40\">\n<p><strong>ALGER- L&rsquo;Entreprise de gestion des ports et des abris de p\u00eache d&rsquo;Alger (EGPP) \u0153uvre \u00e0 la concr\u00e9tisation d&rsquo;un projet de r\u00e9alisation de huit (08) quais flottants au port de El Djemila (ex-La Madrague) \u00e0 Ain Benian, \u00e0 l&rsquo;ouest d&rsquo;Alger, dont l&rsquo;entr\u00e9e en service est pr\u00e9vue en d\u00e9but de la saison estivale 2020, a-t-on appris, dimanche, aupr\u00e8s d&rsquo;un responsable du port.<\/strong><\/p>\n<\/div>\n<div readability=\"71.5\">\n<p>L&rsquo;EGPP s&rsquo;att\u00e8le actuellement \u00e0 la finalisation de l&rsquo;\u00e9tude d&rsquo;un projet d&rsquo;\u00e9quipement du bassin en huit (08) quais flottants, afin de lancer les travaux dans les plus brefs d\u00e9lais pour leur mise en service en d\u00e9but de la prochaine saison estivale (2020), a pr\u00e9cis\u00e9 \u00e0 l&rsquo;APS M. Dahmane Zinedine responsable au port d&rsquo;El Djamila.<\/p>\n<blockquote readability=\"12\">\n<p><em><strong>Soulignant que le budget initial s&rsquo;\u00e9levait \u00e0 quelque 6 milliards de centimes, il a fait savoir que l&rsquo;importance des quais flottants r\u00e9side en l&rsquo;organisation de l&rsquo;entr\u00e9e et de l&rsquo;accostage des embarcations et barques de fa\u00e7on \u00e0 permettre d&rsquo;accueillir un plus grand nombre. L&rsquo;ouverture des quais flottants au public, pour se promener et \u00eatre au contact des p\u00eacheurs, se fera suivant un programme bien pr\u00e9cis, ajoute M. Dahmane.<\/strong><\/em><\/p>\n<\/blockquote>\n<p>Il a rappel\u00e9, dans ce sens, le premier projet ayant permis la r\u00e9alisation d&rsquo;un quai pilote, il y a trois ann\u00e9es, et qui a montr\u00e9 largement sa pertinence, ajoutant que les travaux seront lanc\u00e9s d\u00e9s la disponibilit\u00e9 du budget.<\/p>\n<p>D&rsquo;autre part, l&rsquo;administration du port poursuivra sa coop\u00e9ration avec les artisans \u00e0 travers l&rsquo;ouverture d&rsquo;espaces d&rsquo;expositions et de vente des diff\u00e9rentes produits artisanaux au niveau du port, avec le lancement de la prochaine saison estivale, tout comme la saison \u00e9coul\u00e9e, a-t-il indiqu\u00e9 ajoutant que le but est la relance du tourisme local ainsi que l&rsquo;encouragement du produit traditionnel alg\u00e9rien aux fins de sa promotion.<\/p>\n<p>A rappeler que le Port de plaisance d&rsquo;El Djamila a re\u00e7u, selon les chiffres des services de la commune d&rsquo;Ain Benian, lors de la saison estivale, notamment pendant le mois de Ramadhan, quelque 3.000 visiteurs par jour, d&rsquo;autant plus que l&rsquo;existence de la gare du transport maritime urbain reliant le port \u00e0 la P\u00eacherie port d&rsquo;Alger, a contribu\u00e9 \u00e0 l&rsquo;augmentation de l&rsquo;affluence vers cette structure qui s&rsquo;est transform\u00e9e, en peu d&rsquo;ann\u00e9es en une destination touristique maritime \u00ab\u00a0par excellence\u00a0\u00bb.<\/p>\n<\/div>\n<p>Auteur:<br \/>\n<a href=\"http:\/\/www.aps.dz\/regions\/96420-projet-de-realisation-de-08-quais-flottants-a-el-djemila-d-alger\">Cliquez ici pour lire l&rsquo;article depuis sa source.<\/a><\/p>\n","protected":false},"excerpt":{"rendered":"<p>ALGER- L&rsquo;Entreprise de gestion des ports et des abris de p\u00eache d&rsquo;Alger (EGPP) \u0153uvre \u00e0 la concr\u00e9tisation d&rsquo;un projet de r\u00e9alisation de huit (08) quais flottants au port de El Djemila (ex-La Madrague) \u00e0 Ain Benian, \u00e0 l&rsquo;ouest d&rsquo;Alger, dont l&rsquo;entr\u00e9e en service est pr\u00e9vue en d\u00e9but de la saison estivale 2020, a-t-on appris, dimanche, [&hellip;]<\/p>\n","protected":false},"author":1790,"featured_media":0,"comment_status":"closed","ping_status":"closed","sticky":false,"template":"","format":"standard","meta":{"fifu_image_url":"","fifu_image_alt":"","footnotes":""},"categories":[53,76],"tags":[],"class_list":["post-65683","post","type-post","status-publish","format-standard","hentry","category-algerie","category-regions"],"_links":{"self":[{"href":"https:\/\/linitiative.ca\/International\/wp-json\/wp\/v2\/posts\/65683","targetHints":{"allow":["GET"]}}],"collection":[{"href":"https:\/\/linitiative.ca\/International\/wp-json\/wp\/v2\/posts"}],"about":[{"href":"https:\/\/linitiative.ca\/International\/wp-json\/wp\/v2\/types\/post"}],"author":[{"embeddable":true,"href":"https:\/\/linitiative.ca\/International\/wp-json\/wp\/v2\/users\/1790"}],"replies":[{"embeddable":true,"href":"https:\/\/linitiative.ca\/International\/wp-json\/wp\/v2\/comments?post=65683"}],"version-history":[{"count":0,"href":"https:\/\/linitiative.ca\/International\/wp-json\/wp\/v2\/posts\/65683\/revisions"}],"wp:attachment":[{"href":"https:\/\/linitiative.ca\/International\/wp-json\/wp\/v2\/media?parent=65683"}],"wp:term":[{"taxonomy":"category","embeddable":true,"href":"https:\/\/linitiative.ca\/International\/wp-json\/wp\/v2\/categories?post=65683"},{"taxonomy":"post_tag","embeddable":true,"href":"https:\/\/linitiative.ca\/International\/wp-json\/wp\/v2\/tags?post=65683"}],"curies":[{"name":"wp","href":"https:\/\/api.w.org\/{rel}","templated":true}]}}