{"id":65697,"date":"2019-10-26T20:00:00","date_gmt":"2019-10-27T00:00:00","guid":{"rendered":"https:\/\/linitiative.ca\/International\/recherche-scientifique-et-developpement-technologique-valoriser-le-grand-potentiel-materiel-et-humain-du-pays\/"},"modified":"2019-10-26T20:00:00","modified_gmt":"2019-10-27T00:00:00","slug":"recherche-scientifique-et-developpement-technologique-valoriser-le-grand-potentiel-materiel-et-humain-du-pays","status":"publish","type":"post","link":"https:\/\/linitiative.ca\/International\/recherche-scientifique-et-developpement-technologique-valoriser-le-grand-potentiel-materiel-et-humain-du-pays\/","title":{"rendered":"Recherche scientifique et d\u00e9veloppement technologique :  Valoriser le grand potentiel mat\u00e9riel et humain du pays"},"content":{"rendered":"<p>Le Premier ministre, Noureddine Bedoui, a pr\u00e9sid\u00e9, hier, une r\u00e9union du Conseil interminist\u00e9riel, consacr\u00e9e \u00e0 l\u2019examen de la question de la promotion de la recherche et du d\u00e9veloppement dans les\u00a0\u00a0 entreprises \u00e9conomiques publiques et de la valorisation des r\u00e9sultats de la recherche scientifique, selon un communiqu\u00e9 des services du Premier minist\u00e8re. Ont pris part \u00e0 cette r\u00e9union, les ministres de l\u2019Int\u00e9rieur, de\u00a0\u00a0 l\u2019\u00c9nergie, de l\u2019Enseignement sup\u00e9rieur et de la Recherche scientifique, de la Formation et de l\u2019Enseignement professionnels, de l\u2019Industrie, de l\u2019Agriculture, des Travaux publics, des Transports, du Travail et de\u00a0\u00a0 l\u2019Environnement, les secr\u00e9taire g\u00e9n\u00e9raux des minist\u00e8res des Finances, de la Poste, du Commerce, des Ressources en eau et du Tourisme, et le directeur g\u00e9n\u00e9ral de la recherche scientifique et du d\u00e9veloppement technologique au minist\u00e8re de l\u2019Enseignement sup\u00e9rieur.\u00a0 \u00c0 cette occasion, M. Bedoui a \u00e9cout\u00e9 l\u2019expos\u00e9 du ministre de l\u2019Enseignement sup\u00e9rieur et de la Recherche scientifique, et les interventions des ministres et du Directeur g\u00e9n\u00e9ral de la recherche scientifique et du d\u00e9veloppement technologique au minist\u00e8re de l\u2019Enseignement sup\u00e9rieur, qui ont mis en avant le \u00abgrand potentiel humain\u00a0\u00a0 et mat\u00e9riel de notre pays en mati\u00e8re de recherche scientifique et de d\u00e9veloppement technologique\u00bb, a pr\u00e9cis\u00e9 le communiqu\u00e9.\u00a0<br \/>L\u2019Alg\u00e9rie compte plus de 36.000 chercheurs en activit\u00e9 \u00e0 travers 1.470 laboratoires de recherche et les centres de recherche que compte le territoire national, lesquels sont encadr\u00e9s par plus de 2.600 chercheurs permanents, sans parler du volume de recherches et de publications r\u00e9alis\u00e9es, indique la m\u00eame source, soulignant que tout ce potentiel \u00abest sous-exploit\u00e9 par le secteur \u00e9conomique et les entreprises publiques en\u00a0\u00a0 particulier\u00bb. Il ressort de l\u2019expos\u00e9 que 357 travaux de recherche peuvent \u00eatre exploit\u00e9s\u00a0\u00a0 imm\u00e9diatement par nombre de secteurs \u00e9conomiques, a ajout\u00e9 le communiqu\u00e9, insistant sur l\u2019imp\u00e9ratif d\u2019accorder tout l\u2019int\u00e9r\u00eat n\u00e9cessaire \u00e0 ces recherches, pour qu\u2019elles contribuent au renforcement des liens de\u00a0\u00a0 coop\u00e9ration et d\u2019\u00e9change entre la recherche scientifique et les entreprises \u00e9conomiques publiques.<br \/>\u00c0 l\u2019issue de cet expos\u00e9, le Premier ministre a affirm\u00e9 que le gouvernement\u00a0\u00a0 \u00abest pleinement conscient que la Recherche scientifique est un pilier essentiel pour le progr\u00e8s de notre pays face aux d\u00e9fis qu\u2019il conna\u00eet\u00bb, ajoutant qu\u2019\u00abun \u00e9norme foss\u00e9 existe entre l\u2019entreprise \u00e9conomique et la\u00a0\u00a0 Recherche scientifique, d\u2019autant que cette activit\u00e9 doit \u00eatre au c\u0153ur du syst\u00e8me \u00e9conomique, et, de ce fait, il importe de promouvoir la place de la recherche scientifique et du chercheur, tout en valorisant ces atouts\u00bb.\u00a0 M. Bedoui a pr\u00e9conis\u00e9 \u00abla n\u00e9cessit\u00e9 que les entreprises \u00e9conomiques, notamment publiques, d\u2019accorder un int\u00e9r\u00eat particulier \u00e0 l\u2019activit\u00e9 de recherche dans l\u2019objectif de diversifier leurs produits et faire face \u00e0 la\u00a0\u00a0 concurrence, dont la recherche et le d\u00e9veloppement sont le principal moteur, pour peu que toutes les comp\u00e9tences de la recherche tant \u00e0 l\u2019int\u00e9rieur qu\u2019\u00e0 l\u2019ext\u00e9rieur du pays soient int\u00e9gr\u00e9es dans le cadre de cette dynamique\u00bb. \u00c0 ce titre, le Conseil interminist\u00e9riel a adopt\u00e9 la feuille de route propos\u00e9e par les experts de la Recherche scientifique et du d\u00e9veloppement technologique, laquelle vise essentiellement \u00e0 mettre en place des principes en vue de permettre une v\u00e9ritable relance de l\u2019utilisation des r\u00e9sultats de le Recherche scientifique dans tous les secteurs d\u2019activit\u00e9, la r\u00e9activation des m\u00e9canismes de partenariat entre le monde de la recherche et l\u2019entreprise \u00e9conomique.<br \/>Le communiqu\u00e9 des services du Premier minist\u00e8re a indiqu\u00e9 que le Premier ministre a donn\u00e9 des instructions dans ce sens, \u00e0 l\u2019effet de la concr\u00e9tisation des d\u00e9cisions imm\u00e9diates suivantes, en t\u00eates desquelles la mise en place d\u2019un nouveau cadre juridique pour l\u2019activit\u00e9 du chercheur au sein de l\u2019entreprise \u00e9conomique, \u00e0 m\u00eame de lui assurer toutes les garanties et tous les avantages incitatifs en accord avec la place qui doit lui \u00eatre r\u00e9serv\u00e9e. Les d\u00e9cisions ont \u00e9galement port\u00e9 sur la possibilit\u00e9 de permettre au chercheur de cr\u00e9er des Spin-off en vue de concr\u00e9tiser le r\u00e9sultat de sa recherche sur le terrain, \u00e0 l\u2019image de ce qui se fait \u00e0 l\u2019\u00e9chelle mondiale, dans le cadre de l\u2019encouragement de l\u2019entrepreneuriat et l\u2019innovation dans le domaine \u00e9conomique, et la n\u00e9cessit\u00e9 de cr\u00e9er des unit\u00e9s de recherche et\u00a0\u00a0 de d\u00e9veloppement au niveau des toutes les entreprises \u00e9conomiques, dont la mission principale est de d\u00e9terminer la strat\u00e9gie de l\u2019innovation et du d\u00e9veloppement des produits de l\u2019entreprise et de piloter des programmes de recherches et de d\u00e9veloppement, tout en renfor\u00e7ant les unit\u00e9s de recherche existantes actuellement au niveau de certaines entreprises et tout en les\u00a0\u00a0 relan\u00e7ant. Par ailleurs, le Premier ministre a donn\u00e9 des instructions faisant obligation aux entreprises b\u00e9n\u00e9ficiaires de r\u00e9aliser des investissements, \u00e0 la faveur des avantages et mesures incitatifs institu\u00e9s par l\u2019\u00c9tat pour\u00a0\u00a0 promouvoir la recherche et du d\u00e9veloppement, lesquels doivent \u00eatre mentionn\u00e9s dans des cahiers des charges. Ces entreprises seront \u00e9galement invit\u00e9es \u00e0 cr\u00e9er une plateforme informatis\u00e9e pour la coop\u00e9ration\u00a0\u00a0 intersectorielle en mati\u00e8re de recherche scientifique. Les entreprises publiques \u00e9conomiques sont appel\u00e9es \u00e0 \u00e9laborer et \u00e0 pr\u00e9senter leurs rapports annuels sur le bilan et les perspectives de la recherche et du d\u00e9veloppement au sein de l\u2019entreprise. Ces rapports doivent \u00eatre valid\u00e9s par les instances d\u00e9lib\u00e9rantes et pr\u00e9sent\u00e9s devant le Conseil\u00a0\u00a0 des participations de l\u2019\u00c9tat (CPE), dans l\u2019objectif de \u00abrenforcer la place de la recherche et du d\u00e9veloppement dans le secteur public commercial\u00bb. Entre autres instructions, la mise en place d\u2019un cadre de partenariat\u00a0\u00a0 entre les entreprises \u00e9conomiques et le secteur de la Recherche scientifique, notamment \u00e0 travers la constitution d\u2019\u00e9quipes de recherche mixtes et la qualification des centres de recherche nationaux devant veiller \u00e0 la conformit\u00e9 des produits et services r\u00e9sultant de la valorisation de la recherche et du d\u00e9veloppement aux standards en vigueur,\u00a0\u00a0 ajoute la m\u00eame source. Afin de garantir la mise en \u0153uvre de ces instructions dans les meilleurs d\u00e9lais, le Premier ministre a d\u00e9cid\u00e9 de mettre en place un groupe de travail multisectoriel au niveau du Premier minist\u00e8re, compos\u00e9 de repr\u00e9sentants des secteurs concern\u00e9s et \u00e9largi \u00e0 l\u2019Association professionnelle des banques et \u00e9tablissements financiers (ABEF). Ce groupe de travail sera charg\u00e9 de l\u2019examen et de la proposition de mesures juridiques et pratiques pour la concr\u00e9tisation de ces d\u00e9cisions, a conclu le communiqu\u00e9.<\/p>\n<p>Auteur: elmoudjahid<br \/>\n<a href=\"http:\/\/www.elmoudjahid.com\/fr\/actualites\/143672\">Cliquez ici pour lire l&rsquo;article depuis sa source.<\/a><\/p>\n","protected":false},"excerpt":{"rendered":"<p>Le Premier ministre, Noureddine Bedoui, a pr\u00e9sid\u00e9, hier, une r\u00e9union du Conseil interminist\u00e9riel, consacr\u00e9e \u00e0 l\u2019examen de la question de la promotion de la recherche et du d\u00e9veloppement dans les\u00a0\u00a0 entreprises \u00e9conomiques publiques et de la valorisation des r\u00e9sultats de la recherche scientifique, selon un communiqu\u00e9 des services du Premier minist\u00e8re. Ont pris part \u00e0 [&hellip;]<\/p>\n","protected":false},"author":1744,"featured_media":0,"comment_status":"closed","ping_status":"closed","sticky":false,"template":"","format":"standard","meta":{"fifu_image_url":"","fifu_image_alt":"","footnotes":""},"categories":[73,53],"tags":[],"class_list":["post-65697","post","type-post","status-publish","format-standard","hentry","category-actualite","category-algerie"],"_links":{"self":[{"href":"https:\/\/linitiative.ca\/International\/wp-json\/wp\/v2\/posts\/65697","targetHints":{"allow":["GET"]}}],"collection":[{"href":"https:\/\/linitiative.ca\/International\/wp-json\/wp\/v2\/posts"}],"about":[{"href":"https:\/\/linitiative.ca\/International\/wp-json\/wp\/v2\/types\/post"}],"author":[{"embeddable":true,"href":"https:\/\/linitiative.ca\/International\/wp-json\/wp\/v2\/users\/1744"}],"replies":[{"embeddable":true,"href":"https:\/\/linitiative.ca\/International\/wp-json\/wp\/v2\/comments?post=65697"}],"version-history":[{"count":0,"href":"https:\/\/linitiative.ca\/International\/wp-json\/wp\/v2\/posts\/65697\/revisions"}],"wp:attachment":[{"href":"https:\/\/linitiative.ca\/International\/wp-json\/wp\/v2\/media?parent=65697"}],"wp:term":[{"taxonomy":"category","embeddable":true,"href":"https:\/\/linitiative.ca\/International\/wp-json\/wp\/v2\/categories?post=65697"},{"taxonomy":"post_tag","embeddable":true,"href":"https:\/\/linitiative.ca\/International\/wp-json\/wp\/v2\/tags?post=65697"}],"curies":[{"name":"wp","href":"https:\/\/api.w.org\/{rel}","templated":true}]}}