{"id":65699,"date":"2019-10-26T20:00:00","date_gmt":"2019-10-27T00:00:00","guid":{"rendered":"https:\/\/linitiative.ca\/International\/syrie-le-chef-de-lei-abou-bakr-al-baghdadi-tue-dans-une-operation-americaine\/"},"modified":"2019-10-26T20:00:00","modified_gmt":"2019-10-27T00:00:00","slug":"syrie-le-chef-de-lei-abou-bakr-al-baghdadi-tue-dans-une-operation-americaine","status":"publish","type":"post","link":"https:\/\/linitiative.ca\/International\/syrie-le-chef-de-lei-abou-bakr-al-baghdadi-tue-dans-une-operation-americaine\/","title":{"rendered":"Syrie : le chef de l&rsquo;EI Abou Bakr al-Baghdadi tu\u00e9 dans une op\u00e9ration am\u00e9ricaine"},"content":{"rendered":"<p>Le chef du groupe Etat islamique Abou Bakr al-Baghdadi est mort samedi apr\u00e8s s&rsquo;\u00eatre fait exploser dans un tunnel lors d&rsquo;une op\u00e9ration am\u00e9ricaine dont il \u00e9tait la cible dans le nord-ouest de la Syrie, a d\u00e9clar\u00e9 le pr\u00e9sident am\u00e9ricain Donald Trump lors d\u2019un\u00a0 discours t\u00e9l\u00e9vis\u00e9. Trump a remercie la Russie, la Turquie, la Syrie, l&rsquo;Irak et les\u00a0\u00a0 Kurdes.<\/p>\n<p>Le chef de l&rsquo;EI, Abou Bakr al-Baghdadi, avait \u00e9t\u00e9 vis\u00e9 par une op\u00e9ration militaire des Etats-Unis dans le nord-ouest de la Syrie dans laquelle il aurait \u00e9t\u00e9 tu\u00e9, ont indiqu\u00e9 des m\u00e9dias am\u00e9ricains, avant la d\u00e9claration dimanche, annonc\u00e9e comme \u00ab\u00a0tr\u00e8s importante\u00a0\u00bb, de Donald Trump \u00e0 la mi-journ\u00e9e.<\/p>\n<p>L\u2019agence alg\u00e9rienne de presse APS avait indiqu\u00e9 \u00a0sur son fil cette annonce \u00ab\u00a0tr\u00e8s importante\u00a0\u00bb de Trump, faisant alors \u00e9tat d\u2019informations non confirm\u00e9es \u00e9voquant une op\u00e9ration militaire contre le groupe Etat islamique (EI) en Syrie. L\u2019APS rapportait que l&rsquo;annonce de cette allocution survenait apr\u00e8s que le pr\u00e9sident am\u00e9ricain a publi\u00e9 un message sybillin sur Twitter. \u00ab\u00a0Quelque chose d&rsquo;\u00e9norme vient de se\u00a0\u00a0 passer\u00a0!\u00a0\u00bb, avait-il \u00e9crit. Donald Trump avait approuv\u00e9 ces derniers jours le lancement d&rsquo;une op\u00e9ration contre l&rsquo;EI, visant son chef Abou Bakr al-Baghdadi.<\/p>\n<p>Les forces kurdes en Syrie avaient avant l\u2019annonce officielle salu\u00e9 une \u00ab\u00a0op\u00e9ration historique\u00a0\u00bb men\u00e9e gr\u00e2ce \u00e0 un \u00ab\u00a0travail conjoint des renseignements\u00a0\u00bb avec Washington, tandis que la Turquie affirmait avoir \u00e9t\u00e9 en \u00ab\u00a0coordination\u00a0\u00bb avec les Etats-Unis avant l&rsquo;op\u00e9ration am\u00e9ricaine, men\u00e9e dans un secteur proche de la fronti\u00e8re turque, rapportaient les agences mondiales d\u2019information dont l\u2019AFP. Abou Bakr al-Baghdadi est consid\u00e9r\u00e9 comme responsable de multiples attentats sanglants \u00e0 travers le monde.<\/p>\n<p>R\u00e9daction Web<\/p>\n<p>Auteur: elmoudjahid<br \/>\n<a href=\"http:\/\/www.elmoudjahid.com\/fr\/actualites\/143674\">Cliquez ici pour lire l&rsquo;article depuis sa source.<\/a><\/p>\n","protected":false},"excerpt":{"rendered":"<p>Le chef du groupe Etat islamique Abou Bakr al-Baghdadi est mort samedi apr\u00e8s s&rsquo;\u00eatre fait exploser dans un tunnel lors d&rsquo;une op\u00e9ration am\u00e9ricaine dont il \u00e9tait la cible dans le nord-ouest de la Syrie, a d\u00e9clar\u00e9 le pr\u00e9sident am\u00e9ricain Donald Trump lors d\u2019un\u00a0 discours t\u00e9l\u00e9vis\u00e9. Trump a remercie la Russie, la Turquie, la Syrie, l&rsquo;Irak [&hellip;]<\/p>\n","protected":false},"author":1744,"featured_media":0,"comment_status":"closed","ping_status":"closed","sticky":false,"template":"","format":"standard","meta":{"fifu_image_url":"","fifu_image_alt":"","footnotes":""},"categories":[73,53],"tags":[],"class_list":["post-65699","post","type-post","status-publish","format-standard","hentry","category-actualite","category-algerie"],"_links":{"self":[{"href":"https:\/\/linitiative.ca\/International\/wp-json\/wp\/v2\/posts\/65699","targetHints":{"allow":["GET"]}}],"collection":[{"href":"https:\/\/linitiative.ca\/International\/wp-json\/wp\/v2\/posts"}],"about":[{"href":"https:\/\/linitiative.ca\/International\/wp-json\/wp\/v2\/types\/post"}],"author":[{"embeddable":true,"href":"https:\/\/linitiative.ca\/International\/wp-json\/wp\/v2\/users\/1744"}],"replies":[{"embeddable":true,"href":"https:\/\/linitiative.ca\/International\/wp-json\/wp\/v2\/comments?post=65699"}],"version-history":[{"count":0,"href":"https:\/\/linitiative.ca\/International\/wp-json\/wp\/v2\/posts\/65699\/revisions"}],"wp:attachment":[{"href":"https:\/\/linitiative.ca\/International\/wp-json\/wp\/v2\/media?parent=65699"}],"wp:term":[{"taxonomy":"category","embeddable":true,"href":"https:\/\/linitiative.ca\/International\/wp-json\/wp\/v2\/categories?post=65699"},{"taxonomy":"post_tag","embeddable":true,"href":"https:\/\/linitiative.ca\/International\/wp-json\/wp\/v2\/tags?post=65699"}],"curies":[{"name":"wp","href":"https:\/\/api.w.org\/{rel}","templated":true}]}}